{"id":51809,"date":"2019-08-15T09:54:00","date_gmt":"2019-08-15T13:54:00","guid":{"rendered":"https:\/\/linitiative.ca\/International\/lhommage-de-lambassadeur-ridha-ben-mosbah-au-president-beji-caid-essebsi-un-democrate-convaincu\/"},"modified":"2019-08-15T09:54:00","modified_gmt":"2019-08-15T13:54:00","slug":"lhommage-de-lambassadeur-ridha-ben-mosbah-au-president-beji-caid-essebsi-un-democrate-convaincu","status":"publish","type":"post","link":"https:\/\/linitiative.ca\/International\/lhommage-de-lambassadeur-ridha-ben-mosbah-au-president-beji-caid-essebsi-un-democrate-convaincu\/","title":{"rendered":"L&rsquo;hommage de l&rsquo;ambassadeur Ridha Ben Mosbah au pr\u00e9sident Beji Ca\u00efd Essebsi : un d\u00e9mocrate convaincu"},"content":{"rendered":"<p><em>Invit\u00e9 \u00e0 s&rsquo;exprimer au\u00a0nom du groupe des ambassadeurs de Tunisie accr\u00e9dit\u00e9s en Europe, lors de la rencontre du ministre des Affaires \u00e9trang\u00e8res, khemaies Jhinaoui, avec les chefs de poste \u00e0 l&rsquo;\u00e9tranger, l&rsquo;ambassadeur Ridha Ben Mosbah (Blgique, Luxembourg et Union europ\u00e9enne\u00a0\u00bb a rendu un vibrant hommage au pr\u00e9sident B\u00e9ji Ca\u00efd Essebsi. \u00ab\u00a0U<\/em>n hommage posthume au GRAND diplomate qu\u2019il f\u00fbt, au D\u00e9mocrate convaincu\u00a0 qu\u2019il a \u00e9t\u00e9 tout au long de sa vie t et \u00e0 l\u2019HOMME d\u2019Etat visionnaire et volontaire.\u00a0\u00bb Allocution.<\/p>\n<p>Le pr\u00e9sident Ca\u00efd Essebsi fut un grand acteur de la diplomatie tunisienne sur les derni\u00e8res ann\u00e9es assumant la haute charge de ministre des affaires \u00e9trang\u00e8res entre 1980 et 1986, d\u2019Ambassadeur \u00e0 Paris de 1970 1971 et ambassadeur \u00e0 Bonn de septembre 1986 \u00e0 novembre 1987. Il connut tous les grands de ce monde, Secr\u00e9taires g\u00e9n\u00e9raux des Nations unies , pr\u00e9sidents am\u00e9ricains, fran\u00e7ais ,Chanceliers allemands ; \u00e0 commencer par DAG HAMMARSCOLD qu\u2019il accompagna lors de sa visite d\u2019inspection au front de la bataille de Bizerte en 1961.<\/p>\n<p>Ceux d\u2019entre nous qui l\u2019ont accompagn\u00e9 depuis 2011, dans les grands sommets internationaux et les visites officielles , sommes t\u00e9moins du respect qu\u2019il imposait et de l\u2019admiration qu\u2019il suscitait et nous \u00e9tions subjugu\u00e9s par son aisance, son affabilit\u00e9, et sa grande maitrise du relationnel.<\/p>\n<p>Il \u00e9tait galvanis\u00e9 quand il jouait dans la cour des\u00a0 grands, retrouvant sa stature naturelle et servi qu\u2019i \u00e9tait par un immense talent, une grande culture et une perspicacit\u00e9 \u00e0 toute \u00e9preuve qui lui a permis de d\u00e9jouer les imbroglios et\u00a0 nombreuses crises diplomatiques qu\u2019a v\u00e9cues notre pays.<\/p>\n<p>Son chef d\u2019\u0153uvre restera bien s\u00fbr la condamnation d\u2019Isra\u00ebl\u00a0 par le conseil de s\u00e9curit\u00e9 des nations unies apr\u00e8s l\u2019attaque de Hammam chatt en octobre 1985, mais l\u2019Histoire retiendra aussi le doigt\u00e9, la patience et l\u2019habilet\u00e9 dont il fit preuve pour d\u00e9samorcer la crise tuniso lybienne en 1985, qui permit une d\u00e9tente dans les relations troubles jusque l\u00e0 entre les deux pays.<\/p>\n<p>D\u2019ailleurs sa fine connaissance de la psychologie\u00a0 des hommes , de la texture de la soci\u00e9t\u00e9 lybienne et des enjeux attenants au conflit en cours en Lybie\u00a0 ont fait de lui le personnage central et le r\u00e9f\u00e9rent lors des derniers sommets consacr\u00e9s \u00e0\u00a0 ce conflit que ce soit \u00e0 Paris ou \u00e0 Palerme, ou dans les instances onusiennes.<\/p>\n<h2>BCE le d\u00e9mocrate convaincu<\/h2>\n<p>Ce qui frappe dans sa longue carri\u00e8re politique, c\u2019est sa conviction forte de la n\u00e9cessit\u00e9 de l\u2019exercice d\u00e9mocratique, \u00e0 tous les niveaux et au sein m\u00eame du parti unique\u00a0 dans les ann\u00e9es 70 et la constance et la t\u00e9nacit\u00e9 dont il fit preuve pour d\u00e9fendre ses principes.<\/p>\n<p>Ainsi sa lettre de d\u00e9mission de son poste d\u2019ambassadeur \u00e0 Paris, parue dans le journal <em>Le Monde<\/em> du 12 janvier 1972 o\u00f9 il \u00e9voque l\u2019imp\u00e9ratif de r\u00e9former le r\u00e9gime, faute de quoi disait il \u00ab nous risquions d\u2019\u00eatre irr\u00e9m\u00e9diablement d\u00e9phas\u00e9s par rapport \u00e0 l\u2019\u00e9poque que nous vivons et au degr\u00e9 de maturit\u00e9 de notre peuple, par rapport \u00e0 notre jeunesse qui doit certes \u00eatre instruite des vertus de notre pass\u00e9 mais \u00e0 qui il faut surtout offrir un id\u00e9al et des m\u00e9thodes d\u2019action qui soient en harmonie avec ses aspirations profondes et l\u00e9gitimes \u00bb.<\/p>\n<p>En relisant ce texte, je\u00a0 ne puis\u00a0 m\u2019emp\u00eacher d\u2019\u00e9voquer l\u2019un des derniers actes majeurs du quinquennat en mati\u00e8re de coop\u00e9ration avec l\u2019Union Europ\u00e9enne, le fameux partenariat pour la jeunesse dont vous avez sign\u00e9 l\u2019accord de financement lors du 15\u00e9me Conseil d\u2019association le 17 mai dernier \u00e0 Bruxelles.<\/p>\n<p>Faut il rappeler que c\u2019est le pr\u00e9sident BCE qui a lanc\u00e9 ce partenariat et veill\u00e9 \u00e0 le concr\u00e9tiser et ce lors du premier sommet Tunisie UE le 1er d\u00e9cembre 2016, sommet in\u00e9dit dans l\u2019histoire des relations Tuniso\u00a0 Europ\u00e9ennes. voire m\u00eame avec un pays du SUD m\u00e9diterran\u00e9en.<\/p>\n<p>Avec \u00e0 la conclusion, une belle moisson : l\u2019augmentation de 100% de l\u2019appui europ\u00e9en, le partenariat pour la jeunesse et l\u2019extension d\u2019ERASMUS \u00e0 1500 bourses.<\/p>\n<p>Faut il rappeler par ailleurs que la voie du partenariat privil\u00e9gi\u00e9 avec l\u2019UE fut ouverte par si Beji, alors Premier Ministre et son gouvernement en 2011, dont vous assumiez, monsieur le Ministre, la charge se secr\u00e9taire d\u2019Etat aux affaires \u00e9trang\u00e8res, avec la tenue de la task force Tunisie UE les 28 et 29 septembre 2011 \u00e0 Tunis.<\/p>\n<p>\u00ab le plus important aujourd\u2019hui c\u2019est la jeunesse \u00bb disait il en 2016 au parlement europ\u00e9en.<\/p>\n<p>Et quand il rencontr\u00e2t le pr\u00e9sident Obama, qui lui demandait ce qu\u2019il pouvait faire pour aider la Tunisie, le Pr\u00e9sident BCE sans h\u00e9siter, r\u00e9pondit \u00ab\u00a0 donner des bources \u00e0 nos \u00e9tudiants \u00bb.<\/p>\n<p>Et c\u2019est \u00e0 cette jeunesse qu\u2019il voulait\u00a0 \u00e9duqu\u00e9e, ouverte sur le monde, de s\u2019assumer, de prendre ses responsabilit\u00e9s en donnant un dessein au pays, sa vision\u00a0 pour la\u00a0 Tunisie. Voil\u00e0 le message de BCE.<\/p>\n<h2>BCE\u00a0 l\u2019homme d\u2019Etat<\/h2>\n<p>Le Pr\u00e9sident BCE fit preuve de courage et d\u2019abn\u00e9gation pour servir son pays. Il restera dans l\u2019histoire comme l\u2019architecte et\u00a0 l\u2019artisan de la transition d\u00e9mocratique tunisienne, de l\u2019exception tunisienne dont il plaida la cause et expliqua les ressorts dans nombre de tribunes \u00e0 l\u2019international.<\/p>\n<p>Entre autres, son discours devant le parlement europ\u00e9en, ax\u00e9 sur la s\u00e9curit\u00e9 et les liens historiques avec l\u2019Europe et\u00a0 sur cette exception\u00a0 tunisienne, fut unanimement appr\u00e9ci\u00e9 et lui valut une belle standing ovation, preuve\u00a0 dit il aux d\u00e9put\u00e9s europ\u00e9ens, que \u00ab vous avez compris le message \u00bb : que le succ\u00e8s de la Tunisie est dans l\u2019int\u00e9r\u00eat de l\u2019Europe et qu\u2019une Tunisie d\u00e9mocratique, forte et prosp\u00e8re contribuera \u00e0 stabiliser le voisinage SUD de l\u2019Union Europ\u00e9enne.<\/p>\n<p><span class=\"c2\"><strong>La transition d\u00e9mocratique fut l\u2019\u0153uvre de sa vie.<\/strong><\/span><\/p>\n<p>Sachons m\u00e9riter de lui sa confiance pour continuer cette \u0153uvre, grandiose et exaltante, pour qu\u2019l continue de vivre parmi nous ;<br \/>Sachons m\u00e9riter de lui pour rendre cette \u0153uvre visible, lisible dans les pays o\u00f9 nous sommes accr\u00e9dit\u00e9s et en faire un facteur d\u2019attractivit\u00e9 de notre ch\u00e8re Tunisie.<br \/>Sachons la transmettre aux g\u00e9n\u00e9rations futures , cette jeunesse dont il fut\u00a0 si proche et le meilleur alli\u00e9.<\/p>\n<p>Qu\u2019il repose en paix.<\/p>\n<p class=\"c3\"><strong>Ridha Ben Mosbah<\/strong><\/p>\n<p>Auteur:<br \/>\n<a href=\"https:\/\/www.leaders.com.tn\/article\/27749-l-hommage-de-l-ambassadeur-ridha-ben-mosbah-au-president-beji-caid-essebsi-un-democrate-convaincu\">Cliquez ici pour lire l&rsquo;article depuis sa source.<\/a><\/p>\n","protected":false},"excerpt":{"rendered":"<p>Invit\u00e9 \u00e0 s&rsquo;exprimer au\u00a0nom du groupe des ambassadeurs de Tunisie accr\u00e9dit\u00e9s en Europe, lors de la rencontre du ministre des Affaires \u00e9trang\u00e8res, khemaies Jhinaoui, avec les chefs de poste \u00e0 l&rsquo;\u00e9tranger, l&rsquo;ambassadeur Ridha Ben Mosbah (Blgique, Luxembourg et Union europ\u00e9enne\u00a0\u00bb a rendu un vibrant hommage au pr\u00e9sident B\u00e9ji Ca\u00efd Essebsi. \u00ab\u00a0Un hommage posthume au GRAND [&hellip;]<\/p>\n","protected":false},"author":1772,"featured_media":0,"comment_status":"closed","ping_status":"closed","sticky":false,"template":"","format":"standard","meta":{"fifu_image_url":"","fifu_image_alt":"","footnotes":""},"categories":[73,55],"tags":[],"class_list":["post-51809","post","type-post","status-publish","format-standard","hentry","category-actualite","category-tunisie"],"_links":{"self":[{"href":"https:\/\/linitiative.ca\/International\/wp-json\/wp\/v2\/posts\/51809","targetHints":{"allow":["GET"]}}],"collection":[{"href":"https:\/\/linitiative.ca\/International\/wp-json\/wp\/v2\/posts"}],"about":[{"href":"https:\/\/linitiative.ca\/International\/wp-json\/wp\/v2\/types\/post"}],"author":[{"embeddable":true,"href":"https:\/\/linitiative.ca\/International\/wp-json\/wp\/v2\/users\/1772"}],"replies":[{"embeddable":true,"href":"https:\/\/linitiative.ca\/International\/wp-json\/wp\/v2\/comments?post=51809"}],"version-history":[{"count":0,"href":"https:\/\/linitiative.ca\/International\/wp-json\/wp\/v2\/posts\/51809\/revisions"}],"wp:attachment":[{"href":"https:\/\/linitiative.ca\/International\/wp-json\/wp\/v2\/media?parent=51809"}],"wp:term":[{"taxonomy":"category","embeddable":true,"href":"https:\/\/linitiative.ca\/International\/wp-json\/wp\/v2\/categories?post=51809"},{"taxonomy":"post_tag","embeddable":true,"href":"https:\/\/linitiative.ca\/International\/wp-json\/wp\/v2\/tags?post=51809"}],"curies":[{"name":"wp","href":"https:\/\/api.w.org\/{rel}","templated":true}]}}