{"id":51810,"date":"2019-08-15T12:06:00","date_gmt":"2019-08-15T16:06:00","guid":{"rendered":"https:\/\/linitiative.ca\/International\/celebration-de-la-fete-de-la-femme-ennaceur-propose-un-nouveau-contrat-social-pour-proteger-la-dignite-les-droits-et-la-liberte-de-la-femme-album-photos\/"},"modified":"2019-08-15T12:06:00","modified_gmt":"2019-08-15T16:06:00","slug":"celebration-de-la-fete-de-la-femme-ennaceur-propose-un-nouveau-contrat-social-pour-proteger-la-dignite-les-droits-et-la-liberte-de-la-femme-album-photos","status":"publish","type":"post","link":"https:\/\/linitiative.ca\/International\/celebration-de-la-fete-de-la-femme-ennaceur-propose-un-nouveau-contrat-social-pour-proteger-la-dignite-les-droits-et-la-liberte-de-la-femme-album-photos\/","title":{"rendered":"C\u00e9l\u00e9bration de la f\u00eate de la femme : Ennaceur  propose  un nouveau contrat social pour \u00abprot\u00e9ger la dignit\u00e9,  les droits  et la libert\u00e9 de la femme\u00bb (Album Photos)"},"content":{"rendered":"<p>Le 63e anniversaire\u00a0 du Code du statut personnel a \u00e9t\u00e9 c\u00e9l\u00e9br\u00e9 ce jeudi lors d\u2019une c\u00e9r\u00e9monie qui s\u2019est tenue au palais de Carthage sous la pr\u00e9sidence de Mohamed Ennaceur, pr\u00e9sident de la R\u00e9publique par Int\u00e9rim.<\/p>\n<p>Mohamed\u00a0 Ennaceur a rappel\u00e9 que ce code qui consacrait les droits civiques et politiques de la femme tunisienne et avait permis \u00e0 la Tunisie de se hisser au diapason de l&rsquo;humanit\u00e9 civilis\u00e9e a \u00e9t\u00e9 le premier \u00e0 avoir \u00e9t\u00e9 promulgu\u00e9 par le jeune Etat. Soulignant son importance, il a pr\u00e9cis\u00e9 qu&rsquo;il marquait l&rsquo;av\u00e8nement d&rsquo;un nouveau projet soci\u00e9tal porteur des valeurs de la modernt\u00e9\u00a0 et l\u2019\u00e9galit\u00e9 entre hommes et femmes. \u00abC&rsquo;est un \u00e9v\u00e8nement capital\u00a0 dans l\u2019histoire de la Tunisie et une v\u00e9ritable r\u00e9volution contre\u00a0 les conditions sociales de la femme comme l&rsquo;a voulu le leader Habib Bourguiba , fondateur de l\u2019Etat national\u00a0 et le lib\u00e9rateur de la femme\u00bb a d\u00e9clar\u00e9 le pr\u00e9sident de la R\u00e9publique.<\/p>\n<p>Il a eu une pens\u00e9e \u00e9mue pour le pr\u00e9sident d\u00e9funt B\u00e9ji Ca\u00efd Essebsi et rappel\u00e9 son action en faveur de la femme et rappel\u00e9 que sa derni\u00e8re initiative a \u00e9t\u00e9 un projet de loi sur l&rsquo;\u00e9galit\u00e9 successorale qui a \u00e9t\u00e9 adopt\u00e9 par le conseil des ministres puis transmis \u00e0 l&rsquo;ARP. Il a exprim\u00e9 l&rsquo;espoir que le parlement issu des prochaines \u00e9lections poursuivra ses d\u00e9bats sur ce dossier et cr\u00e9era les conditions favorales pour son adoption.<\/p>\n<p>Apr\u00e8s avoir rappel\u00e9 la participation de la femme tunisienne \u00e0 la lutte nationale, il a soulign\u00e9 les combats de la femme apr\u00e8s la r\u00e9volution pour d\u00e9fendre des d\u00e9fendre ses acquis et le caract\u00e8re de l&rsquo;Etat, ainsi que les brillants r\u00e9sultats des Tunisiennes dans leurs \u00e9tudes qui \u00absont sont la preuve que la Tunisie a gagn\u00e9 son pari sur la femme et r\u00e9alis\u00e9 un v\u00e9ritable saut qualitatif historique compar\u00e9 \u00e0 son environnement g\u00e9ographique, politique et civilisationnel\u00bb.<\/p>\n<p>Toutefois, la voie est ouverte\u00a0 pour aller de l&rsquo;avant en vue de renforcer la place de la femme dans la soci\u00e9t\u00e9. Ennaceur a notamment \u00e9voqu\u00e9 la situation de la femme rurale, la non application de la loi \u00e0 propos de l&rsquo;\u00e9galit\u00e9 des salaires dans un grand nombre de secteurs et mis l&rsquo;accent sur la n\u00e9cessit\u00e9 d&rsquo;appliquer la loi dans les affaires de ciolence contre les femmes. Enfin, il a propos\u00e9 l&rsquo;\u00e9laboration d&rsquo;un contrat social susceptible de \u00abconsacrer les valeurs d&rsquo;un mod\u00e8le soci\u00e9tal, \u00e9quitable pour notre pays\u00bb.<\/p>\n<p><a href=\"\/uploads\/FCK_files\/Allocution%20M_%20Pr%C3%A9sident%20de%20la%20R%C3%A9publique%20F%C3%AAte%20de%20la%20femme.pdf\" target=\"_blank\" rel=\"noopener noreferrer\"><strong>T\u00e9l\u00e9charger le discours<\/strong><\/a><\/p>\n<h2>Remise de d\u00e9corations<\/h2>\n<p>Lors de cette c\u00e9r\u00e9monie, Mohamed Ennaceur a d\u00e9cor\u00e9 plusieurs personnalit\u00e9s f\u00e9minines en reconnaissance de leurs \u00a0 contributions dans leurs champs d\u2019activit\u00e9s respectifs :<\/p>\n<h3>Commandeur<\/h3>\n<ul>\n<li><span class=\"c2\"><strong>Saida Ben Garrache:<\/strong><\/span> Premi\u00e8re conseill\u00e8re aupr\u00e8s du pr\u00e9sident de la R\u00e9publique charg\u00e9e des relations avec la soci\u00e9t\u00e9 civile et porte-parole du pr\u00e9sident de la R\u00e9publique<\/li>\n<li><span class=\"c2\"><strong>Raoudha Labidi Zaafran:<\/strong><\/span> Pr\u00e9sidente de l&rsquo;Instance Nationale de Lutte contre la Traite des personnes<\/li>\n<\/ul>\n<h3>Officier<\/h3>\n<ul>\n<li><span class=\"c2\"><strong>Aida Kelibi:<\/strong><\/span> Conseill\u00e8re aupr\u00e8s du pr\u00e9sident de la R\u00e9publique charg\u00e9e des relations avec les m\u00e9dias<\/li>\n<li><span class=\"c2\"><strong>Noura Zeneti:<\/strong><\/span> Pr\u00e9sidente du comit\u00e9 g\u00e9n\u00e9ral des services communs \u00e0 l&rsquo;Assembl\u00e9e des repr\u00e9sentants du peuple<\/li>\n<li><span class=\"c2\"><strong>Souad Snoussi:<\/strong><\/span> Directrice g\u00e9n\u00e9rale, conseill\u00e8re \u00e0 l&rsquo;Assembl\u00e9e des repr\u00e9sentants du peuple<\/li>\n<li><span class=\"c2\"><strong>Assia Al Atrous Bou Guerra:<\/strong><\/span> journaliste au journal Essabah<\/li>\n<li><span class=\"c2\"><strong>Kalthoum Stara Barkallah:<\/strong><\/span> Membre de la f\u00e9d\u00e9ration g\u00e9n\u00e9rale des retrait\u00e9s relevant de l&rsquo;Union g\u00e9n\u00e9rale tunisienne du travail (UGTT)<\/li>\n<li><span class=\"c2\"><strong>Wajiha Jendoubi:<\/strong><\/span> Actrice<\/li>\n<li><span class=\"c2\"><strong>Nadia Belhassen Belhareth:<\/strong><\/span> TUNISAIR<\/li>\n<\/ul>\n<p>Auteur:<br \/>\n<a href=\"https:\/\/www.leaders.com.tn\/article\/27750-celebration-de-la-fete-de-la-femme-ennaceur-propose-un-nouveau-contrat-social-pour-proteger-la-dignite-les-droits-et-la-liberte-de-la-femme-album-photos\">Cliquez ici pour lire l&rsquo;article depuis sa source.<\/a><\/p>\n","protected":false},"excerpt":{"rendered":"<p>Le 63e anniversaire\u00a0 du Code du statut personnel a \u00e9t\u00e9 c\u00e9l\u00e9br\u00e9 ce jeudi lors d\u2019une c\u00e9r\u00e9monie qui s\u2019est tenue au palais de Carthage sous la pr\u00e9sidence de Mohamed Ennaceur, pr\u00e9sident de la R\u00e9publique par Int\u00e9rim. Mohamed\u00a0 Ennaceur a rappel\u00e9 que ce code qui consacrait les droits civiques et politiques de la femme tunisienne et avait [&hellip;]<\/p>\n","protected":false},"author":1772,"featured_media":0,"comment_status":"closed","ping_status":"closed","sticky":false,"template":"","format":"standard","meta":{"fifu_image_url":"","fifu_image_alt":"","footnotes":""},"categories":[73,55],"tags":[],"class_list":["post-51810","post","type-post","status-publish","format-standard","hentry","category-actualite","category-tunisie"],"_links":{"self":[{"href":"https:\/\/linitiative.ca\/International\/wp-json\/wp\/v2\/posts\/51810","targetHints":{"allow":["GET"]}}],"collection":[{"href":"https:\/\/linitiative.ca\/International\/wp-json\/wp\/v2\/posts"}],"about":[{"href":"https:\/\/linitiative.ca\/International\/wp-json\/wp\/v2\/types\/post"}],"author":[{"embeddable":true,"href":"https:\/\/linitiative.ca\/International\/wp-json\/wp\/v2\/users\/1772"}],"replies":[{"embeddable":true,"href":"https:\/\/linitiative.ca\/International\/wp-json\/wp\/v2\/comments?post=51810"}],"version-history":[{"count":0,"href":"https:\/\/linitiative.ca\/International\/wp-json\/wp\/v2\/posts\/51810\/revisions"}],"wp:attachment":[{"href":"https:\/\/linitiative.ca\/International\/wp-json\/wp\/v2\/media?parent=51810"}],"wp:term":[{"taxonomy":"category","embeddable":true,"href":"https:\/\/linitiative.ca\/International\/wp-json\/wp\/v2\/categories?post=51810"},{"taxonomy":"post_tag","embeddable":true,"href":"https:\/\/linitiative.ca\/International\/wp-json\/wp\/v2\/tags?post=51810"}],"curies":[{"name":"wp","href":"https:\/\/api.w.org\/{rel}","templated":true}]}}