{"id":51813,"date":"2019-08-15T06:00:00","date_gmt":"2019-08-15T10:00:00","guid":{"rendered":"https:\/\/linitiative.ca\/International\/les-graffitis-objet-dun-bras-de-fer-a-khartoum\/"},"modified":"2019-08-15T06:00:00","modified_gmt":"2019-08-15T10:00:00","slug":"les-graffitis-objet-dun-bras-de-fer-a-khartoum","status":"publish","type":"post","link":"https:\/\/linitiative.ca\/International\/les-graffitis-objet-dun-bras-de-fer-a-khartoum\/","title":{"rendered":"Les graffitis objet d\u2019un bras de fer \u00e0 Khartoum"},"content":{"rendered":"<p>>Les graffitis r\u00e9alis\u00e9s ces derniers mois par le mouvement de protestation au Soudan sont en train d&rsquo;\u00eatre effac\u00e9s \u00e0 Khartoum, a d\u00e9nonc\u00e9 hier mercredi la contestation, demandant aux militaires au pouvoir d&rsquo;arr\u00eater de d\u00e9truire ce qui a, pour elle, valeur de symbole.<br \/>Le Soudan a \u00e9t\u00e9 secou\u00e9 pendant plus de sept mois par un mouvement de contestation in\u00e9dit qui a men\u00e9 le 11 avril \u00e0 la chute du Pr\u00e9sident Omar el-B\u00e9chir, avant de se mobiliser contre le Conseil militaire de transition l&rsquo;ayant remplac\u00e9 au pouvoir.<br \/>Apr\u00e8s de longs pourparlers r\u00e9guli\u00e8rement interrompus par des violences, un accord de transition vers un pouvoir civil a \u00e9t\u00e9 conclu d\u00e9but ao\u00fbt et doit \u00eatre sign\u00e9 samedi.<br \/>Dans un communiqu\u00e9, l&rsquo;Alliance pour la libert\u00e9 et le changement (ALC), fer de lance de la contestation, a accus\u00e9 \u00ables ennemis de la r\u00e9volution\u00bb d&rsquo;effacer les graffitis sur les murs de la capitale.<br \/>\u00abNous voyons cela comme (&#8230;) une tentative path\u00e9tique de supprimer la beaut\u00e9 (&#8230;) et l&rsquo;esprit de la r\u00e9volution\u00bb, a-t-elle ajout\u00e9.<br \/>\u00abNous demandons au Conseil militaire d&rsquo;arr\u00eater imm\u00e9diatement d&rsquo;effacer (les graffitis sur les murs et \u00e0 tous les r\u00e9volutionnaires de continuer \u00e0 dessiner et exercer leur droit (\u00e0 la libre) expression\u00bb, a ajout\u00e9 l&rsquo;ALC.<br \/>Ces derniers jours, des dessins et slogans qui \u00e9taient apparus sur les murs de la capitale au cours du mouvement de contestation ont \u00e9t\u00e9 recouverts par de la peinture.<br \/>Ces graffitis, de m\u00eame que des chansons, \u00e9taient devenus des symboles du mouvement de contestation anim\u00e9 par de tr\u00e8s nombreux jeunes militants, plut\u00f4t que par l&rsquo;opposition politique traditionnelle.<br \/>\u00abC&rsquo;est une mesure absurde qui montre l&rsquo;incapacit\u00e9 des ennemis de la r\u00e9volution \u00e0 reconna\u00eetre ses racines et ses r\u00e9alisations dans le c\u0153ur du peuple\u00bb, a ajout\u00e9 l&rsquo;Alliance.<br \/>Nombre de ces graffitis recouvraient les murs aux alentours du QG de l&rsquo;arm\u00e9e, devant lequel a eu lieu pendant des semaines un sit-in r\u00e9clamant le transfert du pouvoir aux civils.<br \/>Plus de 250 personnes ont \u00e9t\u00e9 tu\u00e9es dans le cadre de la r\u00e9pression du mouvement de contestation, selon des m\u00e9decins proches des protestataires.<br \/>A la faveur d&rsquo;une m\u00e9ditation de l&rsquo;Ethiopie et de l&rsquo;Union africaine, les meneurs de la contestation et les militaires au pouvoir ont fini par se mettre d&rsquo;accord d\u00e9but ao\u00fbt sur une p\u00e9riode de transition de 39 mois pour ouvrir la voix \u00e0 un transfert du pouvoir aux civils.<br \/>Mais dans le camp des protestataires, certains craignent que l&rsquo;accord permettent aux forces responsables de la r\u00e9pression de rester au pouvoir. Selon un graffeur contact\u00e9 par l&rsquo;AFP, la d\u00e9cision de recouvrir les graffitis de Khartoum est une preuve du retour des anciennes habitudes du pouvoir militaire.<br \/>\u00abLorsque nous avons fait ces fresques, nous exprimions le sentiment des temps qui changent\u00bb, a expliqu\u00e9 Lotfy Abdel Fattah.<br \/>\u00abEt maintenant, on nous envoie un signal qui nous dit qu&rsquo;il n&rsquo;y a pas de vrai changement, pas de vraie libert\u00e9\u00bb, ajoute-t-il.<br \/>Interrog\u00e9 par l&rsquo;AFP en avril, apr\u00e8s la destitution de M. B\u00e9chir, il avait pr\u00e9dit l&rsquo;effacement de ces graffitis : mais \u00abm\u00eame s&rsquo;ils sont effac\u00e9s un jour, les dessins laisseront une trace ind\u00e9l\u00e9bile dans l&rsquo;esprit des gens\u00bb.<br \/>Certains dessins repr\u00e9sentaient notamment les manifestants tu\u00e9s. \u00abJe ne sais pas exactement qui (les efface) mais c&rsquo;est quelqu&rsquo;un qui a assur\u00e9ment quelque chose contre le changement\u00bb, se d\u00e9sole le graffeur.<\/p>\n<p>Auteur:<br \/>\n<a href=\"https:\/\/www.lesoirdalgerie.com\/monde\/les-graffitis-objet-dun-bras-de-fer-a-khartoum-28679\">Cliquez ici pour lire l&rsquo;article depuis sa source.<\/a><\/p>\n","protected":false},"excerpt":{"rendered":"<p>>Les graffitis r\u00e9alis\u00e9s ces derniers mois par le mouvement de protestation au Soudan sont en train d&rsquo;\u00eatre effac\u00e9s \u00e0 Khartoum, a d\u00e9nonc\u00e9 hier mercredi la contestation, demandant aux militaires au pouvoir d&rsquo;arr\u00eater de d\u00e9truire ce qui a, pour elle, valeur de symbole.Le Soudan a \u00e9t\u00e9 secou\u00e9 pendant plus de sept mois par un mouvement de [&hellip;]<\/p>\n","protected":false},"author":1741,"featured_media":0,"comment_status":"closed","ping_status":"closed","sticky":false,"template":"","format":"standard","meta":{"fifu_image_url":"","fifu_image_alt":"","footnotes":""},"categories":[73,53],"tags":[],"class_list":["post-51813","post","type-post","status-publish","format-standard","hentry","category-actualite","category-algerie"],"_links":{"self":[{"href":"https:\/\/linitiative.ca\/International\/wp-json\/wp\/v2\/posts\/51813","targetHints":{"allow":["GET"]}}],"collection":[{"href":"https:\/\/linitiative.ca\/International\/wp-json\/wp\/v2\/posts"}],"about":[{"href":"https:\/\/linitiative.ca\/International\/wp-json\/wp\/v2\/types\/post"}],"author":[{"embeddable":true,"href":"https:\/\/linitiative.ca\/International\/wp-json\/wp\/v2\/users\/1741"}],"replies":[{"embeddable":true,"href":"https:\/\/linitiative.ca\/International\/wp-json\/wp\/v2\/comments?post=51813"}],"version-history":[{"count":0,"href":"https:\/\/linitiative.ca\/International\/wp-json\/wp\/v2\/posts\/51813\/revisions"}],"wp:attachment":[{"href":"https:\/\/linitiative.ca\/International\/wp-json\/wp\/v2\/media?parent=51813"}],"wp:term":[{"taxonomy":"category","embeddable":true,"href":"https:\/\/linitiative.ca\/International\/wp-json\/wp\/v2\/categories?post=51813"},{"taxonomy":"post_tag","embeddable":true,"href":"https:\/\/linitiative.ca\/International\/wp-json\/wp\/v2\/tags?post=51813"}],"curies":[{"name":"wp","href":"https:\/\/api.w.org\/{rel}","templated":true}]}}