{"id":51815,"date":"2019-08-15T06:00:00","date_gmt":"2019-08-15T10:00:00","guid":{"rendered":"https:\/\/linitiative.ca\/International\/hausse-rapide-du-nombre-dorphelins-ou-laisses-non-accompagnes\/"},"modified":"2019-08-15T06:00:00","modified_gmt":"2019-08-15T10:00:00","slug":"hausse-rapide-du-nombre-dorphelins-ou-laisses-non-accompagnes","status":"publish","type":"post","link":"https:\/\/linitiative.ca\/International\/hausse-rapide-du-nombre-dorphelins-ou-laisses-non-accompagnes\/","title":{"rendered":"Hausse rapide du nombre d&rsquo;orphelins ou laiss\u00e9s non accompagn\u00e9s"},"content":{"rendered":"<p>Le nombre d&rsquo;enfants orphelins ou laiss\u00e9s sans accompagnement en raison de l&rsquo;\u00e9pid\u00e9mie d&rsquo;Ebola en R\u00e9publique d\u00e9mocratique du Congo (RDC) a plus que doubl\u00e9 depuis avril, n\u00e9cessitant une mont\u00e9e en puissance rapide des soins sp\u00e9cialis\u00e9s dans les provinces d&rsquo;Ituri et du Nord-Kivu touch\u00e9es par le virus Ebola, a pr\u00e9venu le Fonds des Nations-Unies pour l&rsquo;enfance (Unicef).<br \/>Dans un communiqu\u00e9 publi\u00e9 mardi, l&rsquo;Unicef a indiqu\u00e9 avoir enregistr\u00e9 1 380 orphelins, c&rsquo;est-\u00e0-dire des enfants qui ont perdu un de leurs parents ou les deux \u00e0 cause d&rsquo;Ebola, depuis le d\u00e9but de la flamb\u00e9e \u00e9pid\u00e9mique, il y a un peu plus d&rsquo;un an. Au cours de la m\u00eame p\u00e9riode, 2 469 enfants ont \u00e9t\u00e9 s\u00e9par\u00e9s de leurs parents ou de leurs gardiens, laiss\u00e9s seuls pendant que les adultes font l&rsquo;objet d&rsquo;un d\u00e9pistage et d&rsquo;un traitement, ou isol\u00e9s parce qu&rsquo;ils ont \u00e9t\u00e9 en contact avec une personne infect\u00e9e.<br \/>\u00abCette maladie a \u00e9t\u00e9 particuli\u00e8rement p\u00e9nible pour les enfants\u00bb, a d\u00e9clar\u00e9 Pierre Ferry, responsable des programmes de protection de l&rsquo;enfance \u00e0 l&rsquo;Unicef en RDC. \u00abLes enfants regardent leurs parents mourir devant eux ou voient leurs proches emmen\u00e9s dans des centres de traitement pour Ebola&#8230; beaucoup sont victimes de discrimination, de stigmatisation et d&rsquo;isolement.\u00bb<br \/>A ce jour, l&rsquo;Unicef a form\u00e9 906 assistants psychosociaux et psychologues qui fournissent une assistance individualis\u00e9e aux enfants orphelins et s\u00e9par\u00e9s.<br \/>Pour les enfants non accompagn\u00e9s, des \u00e9quipes fournissent de la nourriture, un soutien psychologique et une assistance mat\u00e9rielle. L&rsquo;Unicef g\u00e8re trois cr\u00e8ches situ\u00e9es \u00e0 proximit\u00e9 des centres de traitement Ebola dans les points chauds de l&rsquo;\u00e9pid\u00e9mie.<br \/>\u00abLe nombre d&rsquo;enfants orphelins ou non accompagn\u00e9s \u00e0 cause d&rsquo;Ebola cro\u00eet aussi rapidement que l&rsquo;\u00e9pid\u00e9mie elle-m\u00eame\u00bb, a d\u00e9clar\u00e9 Edouard Beigbeder, repr\u00e9sentant de l&rsquo;Unicef en RDC. \u00abSoins, assistance sp\u00e9cialis\u00e9e et ressources pour ces enfants vuln\u00e9rables doivent suivre le rythme.\u00bb<\/p>\n<p>Auteur:<br \/>\n<a href=\"https:\/\/www.lesoirdalgerie.com\/monde\/hausse-rapide-du-nombre-dorphelins-ou-laisses-non-accompagnes-28677\">Cliquez ici pour lire l&rsquo;article depuis sa source.<\/a><\/p>\n","protected":false},"excerpt":{"rendered":"<p>Le nombre d&rsquo;enfants orphelins ou laiss\u00e9s sans accompagnement en raison de l&rsquo;\u00e9pid\u00e9mie d&rsquo;Ebola en R\u00e9publique d\u00e9mocratique du Congo (RDC) a plus que doubl\u00e9 depuis avril, n\u00e9cessitant une mont\u00e9e en puissance rapide des soins sp\u00e9cialis\u00e9s dans les provinces d&rsquo;Ituri et du Nord-Kivu touch\u00e9es par le virus Ebola, a pr\u00e9venu le Fonds des Nations-Unies pour l&rsquo;enfance (Unicef).Dans [&hellip;]<\/p>\n","protected":false},"author":1741,"featured_media":0,"comment_status":"closed","ping_status":"closed","sticky":false,"template":"","format":"standard","meta":{"fifu_image_url":"","fifu_image_alt":"","footnotes":""},"categories":[73,53],"tags":[],"class_list":["post-51815","post","type-post","status-publish","format-standard","hentry","category-actualite","category-algerie"],"_links":{"self":[{"href":"https:\/\/linitiative.ca\/International\/wp-json\/wp\/v2\/posts\/51815","targetHints":{"allow":["GET"]}}],"collection":[{"href":"https:\/\/linitiative.ca\/International\/wp-json\/wp\/v2\/posts"}],"about":[{"href":"https:\/\/linitiative.ca\/International\/wp-json\/wp\/v2\/types\/post"}],"author":[{"embeddable":true,"href":"https:\/\/linitiative.ca\/International\/wp-json\/wp\/v2\/users\/1741"}],"replies":[{"embeddable":true,"href":"https:\/\/linitiative.ca\/International\/wp-json\/wp\/v2\/comments?post=51815"}],"version-history":[{"count":0,"href":"https:\/\/linitiative.ca\/International\/wp-json\/wp\/v2\/posts\/51815\/revisions"}],"wp:attachment":[{"href":"https:\/\/linitiative.ca\/International\/wp-json\/wp\/v2\/media?parent=51815"}],"wp:term":[{"taxonomy":"category","embeddable":true,"href":"https:\/\/linitiative.ca\/International\/wp-json\/wp\/v2\/categories?post=51815"},{"taxonomy":"post_tag","embeddable":true,"href":"https:\/\/linitiative.ca\/International\/wp-json\/wp\/v2\/tags?post=51815"}],"curies":[{"name":"wp","href":"https:\/\/api.w.org\/{rel}","templated":true}]}}