{"id":51816,"date":"2019-08-15T06:00:00","date_gmt":"2019-08-15T10:00:00","guid":{"rendered":"https:\/\/linitiative.ca\/International\/le-hcr-exhorte-leurope-a-autoriser-le-debarquement-de-507-passagers-secourus-en-mer\/"},"modified":"2019-08-15T06:00:00","modified_gmt":"2019-08-15T10:00:00","slug":"le-hcr-exhorte-leurope-a-autoriser-le-debarquement-de-507-passagers-secourus-en-mer","status":"publish","type":"post","link":"https:\/\/linitiative.ca\/International\/le-hcr-exhorte-leurope-a-autoriser-le-debarquement-de-507-passagers-secourus-en-mer\/","title":{"rendered":"Le HCR exhorte l&rsquo;Europe \u00e0 autoriser le d\u00e9barquement de 507 passagers secourus en mer"},"content":{"rendered":"<p>Le Haut-Commissariat des Nations-Unies pour les r\u00e9fugi\u00e9s (HCR) a appel\u00e9 mardi les gouvernements europ\u00e9ens \u00e0 autoriser le d\u00e9barquement imm\u00e9diat de 507 personnes r\u00e9cemment secourues en M\u00e9diterran\u00e9e centrale et qui sont actuellement bloqu\u00e9es en mer.<br \/>\u00abUne course contre la montre est maintenant engag\u00e9e\u00bb, a d\u00e9clar\u00e9 Vincent Cochetel, envoy\u00e9 sp\u00e9cial du HCR pour la M\u00e9diterran\u00e9e centrale.<br \/>\u00abDes temp\u00eates sont pr\u00e9vues et les conditions \u00e0 bord ne feront qu&#8217;empirer. Laisser des personnes affronter une mer d\u00e9mont\u00e9e alors qu&rsquo;elles ont fui la guerre et la violence en Libye leur infligera de nouvelles souffrances. Ces personnes doivent \u00eatre imm\u00e9diatement autoris\u00e9es \u00e0 d\u00e9barquer et \u00e0 recevoir l&rsquo;aide humanitaire dont elles ont tant besoin\u00bb, a-t-il ajout\u00e9.<br \/>Selon le HCR, 151 personnes se trouvent toujours \u00e0 bord du bateau Open Arms, alors que 356 autres ont \u00e9t\u00e9 secourues ces derniers jours par l&rsquo;Ocean Viking. Beaucoup des rescap\u00e9s auraient surv\u00e9cu \u00e0 d&rsquo;effroyables exactions en Libye.<br \/>L&rsquo;agence onusienne appelle \u00e0 ce qu&rsquo;un port s\u00fbr leur soit imm\u00e9diatement offert et que la responsabilit\u00e9 de les accueillir soit partag\u00e9e entre les Etats, apr\u00e8s leur d\u00e9barquement. De nombreux dirigeants europ\u00e9ens s&rsquo;\u00e9taient dits choqu\u00e9s par les \u00e9v\u00e9nements du mois dernier, notamment le d\u00e9c\u00e8s de plus de 50 personnes lors d&rsquo;une frappe a\u00e9rienne contre un centre de d\u00e9tention \u00e0 Tajoura, en Libye, et la mort de 150 autres au cours du pire naufrage en mer M\u00e9diterran\u00e9e depuis d\u00e9but 2019.<br \/>Pr\u00e8s de 600 personnes ont d\u00e9j\u00e0 trouv\u00e9 la mort ou sont port\u00e9es disparues en M\u00e9diterran\u00e9e centrale depuis d\u00e9but 2019, a signal\u00e9 le HCR, soulignant que celle-ci enregistrait moins d&rsquo;arrivants et plus de pertes en vies humaines que les itin\u00e9raires de la M\u00e9diterran\u00e9e occidentale et orientale.<\/p>\n<p>Auteur:<br \/>\n<a href=\"https:\/\/www.lesoirdalgerie.com\/monde\/le-hcr-exhorte-leurope-a-autoriser-le-debarquement-de-507-passagers-secourus-en-mer-28676\">Cliquez ici pour lire l&rsquo;article depuis sa source.<\/a><\/p>\n","protected":false},"excerpt":{"rendered":"<p>Le Haut-Commissariat des Nations-Unies pour les r\u00e9fugi\u00e9s (HCR) a appel\u00e9 mardi les gouvernements europ\u00e9ens \u00e0 autoriser le d\u00e9barquement imm\u00e9diat de 507 personnes r\u00e9cemment secourues en M\u00e9diterran\u00e9e centrale et qui sont actuellement bloqu\u00e9es en mer.\u00abUne course contre la montre est maintenant engag\u00e9e\u00bb, a d\u00e9clar\u00e9 Vincent Cochetel, envoy\u00e9 sp\u00e9cial du HCR pour la M\u00e9diterran\u00e9e centrale.\u00abDes temp\u00eates sont [&hellip;]<\/p>\n","protected":false},"author":1741,"featured_media":0,"comment_status":"closed","ping_status":"closed","sticky":false,"template":"","format":"standard","meta":{"fifu_image_url":"","fifu_image_alt":"","footnotes":""},"categories":[73,53],"tags":[],"class_list":["post-51816","post","type-post","status-publish","format-standard","hentry","category-actualite","category-algerie"],"_links":{"self":[{"href":"https:\/\/linitiative.ca\/International\/wp-json\/wp\/v2\/posts\/51816","targetHints":{"allow":["GET"]}}],"collection":[{"href":"https:\/\/linitiative.ca\/International\/wp-json\/wp\/v2\/posts"}],"about":[{"href":"https:\/\/linitiative.ca\/International\/wp-json\/wp\/v2\/types\/post"}],"author":[{"embeddable":true,"href":"https:\/\/linitiative.ca\/International\/wp-json\/wp\/v2\/users\/1741"}],"replies":[{"embeddable":true,"href":"https:\/\/linitiative.ca\/International\/wp-json\/wp\/v2\/comments?post=51816"}],"version-history":[{"count":0,"href":"https:\/\/linitiative.ca\/International\/wp-json\/wp\/v2\/posts\/51816\/revisions"}],"wp:attachment":[{"href":"https:\/\/linitiative.ca\/International\/wp-json\/wp\/v2\/media?parent=51816"}],"wp:term":[{"taxonomy":"category","embeddable":true,"href":"https:\/\/linitiative.ca\/International\/wp-json\/wp\/v2\/categories?post=51816"},{"taxonomy":"post_tag","embeddable":true,"href":"https:\/\/linitiative.ca\/International\/wp-json\/wp\/v2\/tags?post=51816"}],"curies":[{"name":"wp","href":"https:\/\/api.w.org\/{rel}","templated":true}]}}