{"id":51818,"date":"2019-08-15T06:00:00","date_gmt":"2019-08-15T10:00:00","guid":{"rendered":"https:\/\/linitiative.ca\/International\/le-guide-supreme-iranien-recoit-un-responsable-des-rebelles-houthis\/"},"modified":"2019-08-15T06:00:00","modified_gmt":"2019-08-15T10:00:00","slug":"le-guide-supreme-iranien-recoit-un-responsable-des-rebelles-houthis","status":"publish","type":"post","link":"https:\/\/linitiative.ca\/International\/le-guide-supreme-iranien-recoit-un-responsable-des-rebelles-houthis\/","title":{"rendered":"Le guide supr\u00eame iranien re\u00e7oit un responsable des rebelles houthis"},"content":{"rendered":"<p>L&rsquo;Iran a r\u00e9affirm\u00e9 mercredi au plus haut niveau son soutien aux rebelles houthis du Y\u00e9men, \u00e0 l&rsquo;occasion de la r\u00e9ception d&rsquo;un de leurs responsables par le Guide supr\u00eame, au moment o\u00f9 la coalition militaire anti-Houthis men\u00e9e par l&rsquo;Arabie Saoudite est confront\u00e9e \u00e0 des dissensions.<br \/>L&rsquo;ayatollah Ali Khamenei a re\u00e7u mardi soir \u00e0 sa r\u00e9sidence le porte-parole des Houthis, Mohammed Abdel Salam, et r\u00e9it\u00e9r\u00e9 l&rsquo;appui de son pays aux rebelles, qui contr\u00f4lent la capitale y\u00e9m\u00e9nite, Sana\u00e2, et d&rsquo;autres r\u00e9gions du pays depuis plusieurs ann\u00e9es.<br \/>\u00abJe d\u00e9clare mon soutien \u00e0 la mujahidah (lutte) pour le Y\u00e9men\u00bb, a-t-il dit, dans une r\u00e9f\u00e9rence apparente aux rebelles, selon un communiqu\u00e9 post\u00e9 sur son site internet. Dans le m\u00eame temps, il a d\u00e9nonc\u00e9 les \u00abcrimes\u00bb de la coalition conduite par l&rsquo;Arabie Saoudite, qui intervient militairement depuis 2015 contre les Houthis, en appui au gouvernement y\u00e9m\u00e9nite.<br \/>L&rsquo;Arabie Saoudite, les Emirats arabes unis \u2014 un pilier de cette coalition \u2014, \u00abainsi que leurs soutiens ont commis des crimes majeurs au Y\u00e9men\u00bb, a d\u00e9clar\u00e9 le Guide, en d\u00e9non\u00e7ant \u00abl&rsquo;indiff\u00e9rence du monde occidental\u00bb vis-\u00e0-vis de ces \u00abcrimes\u00bb. Riyad et Abou Dhabi \u00abcherchent \u00e0 diviser le Y\u00e9men\u00bb, a-t-il encore jug\u00e9. L&rsquo;ayatollah Khamenei a appel\u00e9 \u00e0 des pourparlers pour mettre fin au conflit. \u00abEtant donn\u00e9 la diversit\u00e9 religieuse et ethnique du Y\u00e9men, prot\u00e9ger l&rsquo;int\u00e9grit\u00e9 du Y\u00e9men n\u00e9cessite un dialogue interne\u00bb, a-t-il dit. La guerre, qui fait rage depuis plus de cinq ans entre Houthis et camp antirebelles, a fait des dizaines de milliers de morts, et le pays conna\u00eet la pire crise humanitaire du monde selon l&rsquo;ONU. Ces combats se sont doubl\u00e9s ces derniers jours d&rsquo;affrontements sanglants entre forces de la coalition anti-Houthis dans le sud. Ils ont oppos\u00e9 \u00e0 Aden, la grande ville du sud, des unit\u00e9s loyales au Pr\u00e9sident y\u00e9m\u00e9nite Abd Rabbo Mansour Hadi, soutenu par Riyad, \u00e0 la force appel\u00e9e \u00abCordon de s\u00e9curit\u00e9\u00bb, form\u00e9e par Abou Dhabi et li\u00e9e \u00e0 un mouvement s\u00e9paratiste sudiste.<br \/>Riyad et Abou Dhabi ont tent\u00e9 ces derniers jours de surmonter ces divisions \u00e0 l&rsquo;int\u00e9rieur de leur camp. Dans le cadre du conflit y\u00e9m\u00e9nite, l&rsquo;Arabie Saoudite accuse r\u00e9guli\u00e8rement l&rsquo;Iran d&rsquo;armer les Houthis. T\u00e9h\u00e9ran d\u00e9ment, en assurant que son soutien est purement politique.<\/p>\n<p>Auteur:<br \/>\n<a href=\"https:\/\/www.lesoirdalgerie.com\/monde\/le-guide-supreme-iranien-recoit-un-responsable-des-rebelles-houthis-28674\">Cliquez ici pour lire l&rsquo;article depuis sa source.<\/a><\/p>\n","protected":false},"excerpt":{"rendered":"<p>L&rsquo;Iran a r\u00e9affirm\u00e9 mercredi au plus haut niveau son soutien aux rebelles houthis du Y\u00e9men, \u00e0 l&rsquo;occasion de la r\u00e9ception d&rsquo;un de leurs responsables par le Guide supr\u00eame, au moment o\u00f9 la coalition militaire anti-Houthis men\u00e9e par l&rsquo;Arabie Saoudite est confront\u00e9e \u00e0 des dissensions.L&rsquo;ayatollah Ali Khamenei a re\u00e7u mardi soir \u00e0 sa r\u00e9sidence le porte-parole [&hellip;]<\/p>\n","protected":false},"author":1741,"featured_media":0,"comment_status":"closed","ping_status":"closed","sticky":false,"template":"","format":"standard","meta":{"fifu_image_url":"","fifu_image_alt":"","footnotes":""},"categories":[73,53],"tags":[],"class_list":["post-51818","post","type-post","status-publish","format-standard","hentry","category-actualite","category-algerie"],"_links":{"self":[{"href":"https:\/\/linitiative.ca\/International\/wp-json\/wp\/v2\/posts\/51818","targetHints":{"allow":["GET"]}}],"collection":[{"href":"https:\/\/linitiative.ca\/International\/wp-json\/wp\/v2\/posts"}],"about":[{"href":"https:\/\/linitiative.ca\/International\/wp-json\/wp\/v2\/types\/post"}],"author":[{"embeddable":true,"href":"https:\/\/linitiative.ca\/International\/wp-json\/wp\/v2\/users\/1741"}],"replies":[{"embeddable":true,"href":"https:\/\/linitiative.ca\/International\/wp-json\/wp\/v2\/comments?post=51818"}],"version-history":[{"count":0,"href":"https:\/\/linitiative.ca\/International\/wp-json\/wp\/v2\/posts\/51818\/revisions"}],"wp:attachment":[{"href":"https:\/\/linitiative.ca\/International\/wp-json\/wp\/v2\/media?parent=51818"}],"wp:term":[{"taxonomy":"category","embeddable":true,"href":"https:\/\/linitiative.ca\/International\/wp-json\/wp\/v2\/categories?post=51818"},{"taxonomy":"post_tag","embeddable":true,"href":"https:\/\/linitiative.ca\/International\/wp-json\/wp\/v2\/tags?post=51818"}],"curies":[{"name":"wp","href":"https:\/\/api.w.org\/{rel}","templated":true}]}}