{"id":51819,"date":"2019-08-15T06:00:00","date_gmt":"2019-08-15T10:00:00","guid":{"rendered":"https:\/\/linitiative.ca\/International\/le-couvre-feu-sera-assoupli-ce-jeudi\/"},"modified":"2019-08-15T06:00:00","modified_gmt":"2019-08-15T10:00:00","slug":"le-couvre-feu-sera-assoupli-ce-jeudi","status":"publish","type":"post","link":"https:\/\/linitiative.ca\/International\/le-couvre-feu-sera-assoupli-ce-jeudi\/","title":{"rendered":"Le couvre-feu sera assoupli ce jeudi"},"content":{"rendered":"<p>Le couvre-feu impos\u00e9 au Cachemire sous contr\u00f4le indien va \u00eatre assoupli apr\u00e8s la f\u00eate nationale de l&rsquo;Ind\u00e9pendance ce jeudi, mais t\u00e9l\u00e9phone et internet resteront coup\u00e9s, selon le gouverneur de l&rsquo;Etat du Jammu-et-Cachemire, cit\u00e9 hier par la presse locale.<br \/>\u00abNous ne voulons pas offrir \u00e0 l&rsquo;ennemi ces outils de communication avant que les choses ne se calment\u00bb, a indiqu\u00e9 le gouverneur Satya Pal Malik dans un entretien au Times of India. \u00abD&rsquo;ici une semaine ou dix jours, tout ira bien et nous ouvrirons progressivement des lignes de communication\u00bb, a-t-il ajout\u00e9.<br \/>La r\u00e9gion himalayenne, revendiqu\u00e9e aussi par le Pakistan, est depuis le 4 ao\u00fbt totalement coup\u00e9e du monde. Un black-out des communications et de fortes restrictions de circulation ont \u00e9t\u00e9 impos\u00e9s par les autorit\u00e9s indiennes avant l&rsquo;annonce de la r\u00e9vocation de l&rsquo;autonomie constitutionnelle de la partie du Cachemire qu&rsquo;elles contr\u00f4lent.<br \/>Redoutant des manifestations de masse, des dizaines de milliers de soldats suppl\u00e9mentaires y ont \u00e9t\u00e9 d\u00e9ploy\u00e9s pour surveiller la mise en \u0153uvre de la d\u00e9cision surprise du Premier ministre indien Narendra Modi.<br \/>Mardi, un porte-parole du minist\u00e8re indien de l&rsquo;Int\u00e9rieur a indiqu\u00e9 sur Twitter que les restrictions \u00e9taient \u00aben train d&rsquo;\u00eatre all\u00e9g\u00e9es de mani\u00e8re progressive\u00bb dans l&rsquo;Etat du Jammu-et-Cachemire. Selon des habitants, ce blocage n&rsquo;a, cependant, pas emp\u00each\u00e9 une manifestation de quelque 8 000 personnes apr\u00e8s la pri\u00e8re de vendredi dernier, qui a \u00e9t\u00e9 dispers\u00e9e par les forces de s\u00e9curit\u00e9 avec des tirs de gaz lacrymog\u00e8nes et de billes de plomb.<br \/>Le porte-parole a \u00e9galement confirm\u00e9 pour la premi\u00e8re fois que des affrontements avaient eu lieu apr\u00e8s la pri\u00e8re de vendredi dernier. Les autorit\u00e9s avaient all\u00e9g\u00e9 les restrictions temporairement dimanche pour permettre aux habitants de faire leurs achats pour les c\u00e9l\u00e9brations de la f\u00eate de l&rsquo;A\u00efd, qui ont d\u00e9but\u00e9 lundi.<br \/>Mais de s\u00e9v\u00e8res restrictions ont \u00e9t\u00e9 de nouveau impos\u00e9es apr\u00e8s des manifestations ayant rassembl\u00e9 des centaines de personnes, selon des habitants. L&rsquo;insurrection s\u00e9paratiste a fait des dizaines de milliers de morts, essentiellement des civils, dans cette r\u00e9gion depuis 1989. Les divers groupes rebelles r\u00e9clament soit son ind\u00e9pendance, soit son rattachement au Pakistan.<\/p>\n<p>Auteur:<br \/>\n<a href=\"https:\/\/www.lesoirdalgerie.com\/monde\/le-couvre-feu-sera-assoupli-ce-jeudi-28673\">Cliquez ici pour lire l&rsquo;article depuis sa source.<\/a><\/p>\n","protected":false},"excerpt":{"rendered":"<p>Le couvre-feu impos\u00e9 au Cachemire sous contr\u00f4le indien va \u00eatre assoupli apr\u00e8s la f\u00eate nationale de l&rsquo;Ind\u00e9pendance ce jeudi, mais t\u00e9l\u00e9phone et internet resteront coup\u00e9s, selon le gouverneur de l&rsquo;Etat du Jammu-et-Cachemire, cit\u00e9 hier par la presse locale.\u00abNous ne voulons pas offrir \u00e0 l&rsquo;ennemi ces outils de communication avant que les choses ne se calment\u00bb, [&hellip;]<\/p>\n","protected":false},"author":1741,"featured_media":0,"comment_status":"closed","ping_status":"closed","sticky":false,"template":"","format":"standard","meta":{"fifu_image_url":"","fifu_image_alt":"","footnotes":""},"categories":[73,53],"tags":[],"class_list":["post-51819","post","type-post","status-publish","format-standard","hentry","category-actualite","category-algerie"],"_links":{"self":[{"href":"https:\/\/linitiative.ca\/International\/wp-json\/wp\/v2\/posts\/51819","targetHints":{"allow":["GET"]}}],"collection":[{"href":"https:\/\/linitiative.ca\/International\/wp-json\/wp\/v2\/posts"}],"about":[{"href":"https:\/\/linitiative.ca\/International\/wp-json\/wp\/v2\/types\/post"}],"author":[{"embeddable":true,"href":"https:\/\/linitiative.ca\/International\/wp-json\/wp\/v2\/users\/1741"}],"replies":[{"embeddable":true,"href":"https:\/\/linitiative.ca\/International\/wp-json\/wp\/v2\/comments?post=51819"}],"version-history":[{"count":0,"href":"https:\/\/linitiative.ca\/International\/wp-json\/wp\/v2\/posts\/51819\/revisions"}],"wp:attachment":[{"href":"https:\/\/linitiative.ca\/International\/wp-json\/wp\/v2\/media?parent=51819"}],"wp:term":[{"taxonomy":"category","embeddable":true,"href":"https:\/\/linitiative.ca\/International\/wp-json\/wp\/v2\/categories?post=51819"},{"taxonomy":"post_tag","embeddable":true,"href":"https:\/\/linitiative.ca\/International\/wp-json\/wp\/v2\/tags?post=51819"}],"curies":[{"name":"wp","href":"https:\/\/api.w.org\/{rel}","templated":true}]}}