{"id":51820,"date":"2019-08-15T06:00:00","date_gmt":"2019-08-15T10:00:00","guid":{"rendered":"https:\/\/linitiative.ca\/International\/rectificatif-concernant-lapw-de-boumerdes\/"},"modified":"2019-08-15T06:00:00","modified_gmt":"2019-08-15T10:00:00","slug":"rectificatif-concernant-lapw-de-boumerdes","status":"publish","type":"post","link":"https:\/\/linitiative.ca\/International\/rectificatif-concernant-lapw-de-boumerdes\/","title":{"rendered":"Rectificatif concernant l\u2019APW de Boumerd\u00e8s"},"content":{"rendered":"<p><a href=\"\/profil\/maamar-farah\"\/><\/p>\n<p class=\"type-text\">Haltes Estivales<\/p>\n<p class=\"author-date\"><a href=\"\/profil\/maamar-farah\"><strong>Ma\u00e2mar Farah<\/strong><\/a> &#8211; 15\/08\/2019<\/p>\n<p><a href=\"\/haltes-estivales\/fouad-on-ne-change-pas-son-destin-28639\"\/><\/p>\n<p class=\"title-text\">Fouad, on ne change pas son destin !<\/p>\n<p><a href=\"\/haltes-estivales\/fouad-on-ne-change-pas-son-destin-28639\"\/><\/p>\n<p class=\"paragraph\">Au sortir de l&rsquo;\u00e8re z\u00e9roualienne, marqu\u00e9e par une terrible r\u00e9pression contre la presse ind\u00e9pendante, orchestr\u00e9e par Betchine, on pensait que l&rsquo;arriv\u00e9e du \u00ablib\u00e9ral\u00bb Bouteflika allait mettre un terme \u00e0 ces d\u00e9rives. Il n&rsquo;en fut rien et avant le grand scandale Benchicou, de nombreux journalistes d&rsquo;El Watan, Libert\u00e9, El Khabar et le Soir d&rsquo;Alg\u00e9rie furent<\/p>\n<p>Auteur:<br \/>\n<a href=\"https:\/\/www.lesoirdalgerie.com\/regions\/rectificatif-concernant-lapw-de-boumerdes-28672\">Cliquez ici pour lire l&rsquo;article depuis sa source.<\/a><\/p>\n","protected":false},"excerpt":{"rendered":"<p>Haltes Estivales Ma\u00e2mar Farah &#8211; 15\/08\/2019 Fouad, on ne change pas son destin ! Au sortir de l&rsquo;\u00e8re z\u00e9roualienne, marqu\u00e9e par une terrible r\u00e9pression contre la presse ind\u00e9pendante, orchestr\u00e9e par Betchine, on pensait que l&rsquo;arriv\u00e9e du \u00ablib\u00e9ral\u00bb Bouteflika allait mettre un terme \u00e0 ces d\u00e9rives. Il n&rsquo;en fut rien et avant le grand scandale Benchicou, [&hellip;]<\/p>\n","protected":false},"author":1741,"featured_media":0,"comment_status":"closed","ping_status":"closed","sticky":false,"template":"","format":"standard","meta":{"fifu_image_url":"","fifu_image_alt":"","footnotes":""},"categories":[73,53],"tags":[],"class_list":["post-51820","post","type-post","status-publish","format-standard","hentry","category-actualite","category-algerie"],"_links":{"self":[{"href":"https:\/\/linitiative.ca\/International\/wp-json\/wp\/v2\/posts\/51820","targetHints":{"allow":["GET"]}}],"collection":[{"href":"https:\/\/linitiative.ca\/International\/wp-json\/wp\/v2\/posts"}],"about":[{"href":"https:\/\/linitiative.ca\/International\/wp-json\/wp\/v2\/types\/post"}],"author":[{"embeddable":true,"href":"https:\/\/linitiative.ca\/International\/wp-json\/wp\/v2\/users\/1741"}],"replies":[{"embeddable":true,"href":"https:\/\/linitiative.ca\/International\/wp-json\/wp\/v2\/comments?post=51820"}],"version-history":[{"count":0,"href":"https:\/\/linitiative.ca\/International\/wp-json\/wp\/v2\/posts\/51820\/revisions"}],"wp:attachment":[{"href":"https:\/\/linitiative.ca\/International\/wp-json\/wp\/v2\/media?parent=51820"}],"wp:term":[{"taxonomy":"category","embeddable":true,"href":"https:\/\/linitiative.ca\/International\/wp-json\/wp\/v2\/categories?post=51820"},{"taxonomy":"post_tag","embeddable":true,"href":"https:\/\/linitiative.ca\/International\/wp-json\/wp\/v2\/tags?post=51820"}],"curies":[{"name":"wp","href":"https:\/\/api.w.org\/{rel}","templated":true}]}}