{"id":51821,"date":"2019-08-15T05:20:25","date_gmt":"2019-08-15T09:20:25","guid":{"rendered":"https:\/\/linitiative.ca\/International\/les-pilotes-de-ryanair-en-greve\/"},"modified":"2019-08-15T05:20:25","modified_gmt":"2019-08-15T09:20:25","slug":"les-pilotes-de-ryanair-en-greve","status":"publish","type":"post","link":"https:\/\/linitiative.ca\/International\/les-pilotes-de-ryanair-en-greve\/","title":{"rendered":"Les pilotes de Ryanair en gr\u00e8ve"},"content":{"rendered":"<p><strong>Les pilotes irlandais de la compagnie a\u00e9rienne \u00e0 bas co\u00fbts Ryanair, apr\u00e8s avoir pr\u00e9sent\u00e9 des revendications d\u00e9taill\u00e9es en mars, r\u00e9clamant des niveaux de salaire, feront gr\u00e8ve pendant deux jours la semaine prochaine, a annonc\u00e9 leur syndicat, Forsa.<\/strong><\/p>\n<div class=\"c10\"\/>\n<p>Les pilotes employ\u00e9s directement par la compagnie seront en gr\u00e8ve pour 48 heures \u00e0 partir du jeudi 22\u00a0ao\u00fbt \u00e0 00\u2009h\u200901, ce qui co\u00efncidera avec un mouvement social d\u00e9j\u00e0 pr\u00e9vu par les pilotes britanniques de <strong>Ryanair<\/strong>.<\/p>\n<p>Selon un porte-parole du syndicat irlandais <strong>Forsa<\/strong>, les repr\u00e9sentants des pilotes ont pr\u00e9sent\u00e9 des revendications d\u00e9taill\u00e9es en mars, r\u00e9clamant des niveaux de salaire\u00a0\u00ab\u2009pratiqu\u00e9s couramment dans le secteur de l\u2019aviation commerciale\u2009\u00bb<strong>,<\/strong> ainsi que portant sur les retraites et les conditions de travail mais les n\u00e9gociations avec la direction ont \u00e9chou\u00e9. Ryanair a \u00abenregistr\u00e9 un b\u00e9n\u00e9fice important d\u2019un milliard d\u2019euros l\u2019an dernier\u00bb, a fait valoir la secr\u00e9taire nationale de Forsa Angela Kirk.<\/p>\n<p>La semaine derni\u00e8re, des pilotes britanniques de Ryanair, membres du syndicat <strong>Balpa<\/strong>, se sont prononc\u00e9s en faveur d\u2019arr\u00eat de travail les 22 et 23 ao\u00fbt, ainsi que du 2 au 4 septembre. Les revendications portent notamment sur les salaires, les retraites et les prestations de maternit\u00e9. Ryanair avait d\u00fb faire face \u00e0 un vent de contestations et des mouvements de gr\u00e8ve fin 2017 et en 2018 en Europe, concernant les conditions de travail.<\/p>\n<div class=\"c17\">\n<fieldset class=\"c16\">\n<legend><strong><span class=\"c11\">Challenge<\/span><span class=\"c12\">news<\/span><\/strong><\/legend>\n<div class=\"c15\">Le meilleur de la r\u00e9daction s\u00e9lectionn\u00e9 par Challenge :<\/p>\n<\/div>\n<\/fieldset>\n<\/div>\n<p>Auteur: Hajar DARI<br \/>\n<a href=\"https:\/\/www.challenge.ma\/les-pilotes-de-ryanair-en-greve-115499\/\">Cliquez ici pour lire l&rsquo;article depuis sa source.<\/a><\/p>\n","protected":false},"excerpt":{"rendered":"<p>Les pilotes irlandais de la compagnie a\u00e9rienne \u00e0 bas co\u00fbts Ryanair, apr\u00e8s avoir pr\u00e9sent\u00e9 des revendications d\u00e9taill\u00e9es en mars, r\u00e9clamant des niveaux de salaire, feront gr\u00e8ve pendant deux jours la semaine prochaine, a annonc\u00e9 leur syndicat, Forsa. Les pilotes employ\u00e9s directement par la compagnie seront en gr\u00e8ve pour 48 heures \u00e0 partir du jeudi 22\u00a0ao\u00fbt [&hellip;]<\/p>\n","protected":false},"author":1787,"featured_media":0,"comment_status":"closed","ping_status":"closed","sticky":false,"template":"","format":"standard","meta":{"fifu_image_url":"","fifu_image_alt":"","footnotes":""},"categories":[78,54],"tags":[],"class_list":["post-51821","post","type-post","status-publish","format-standard","hentry","category-economie","category-maroc"],"_links":{"self":[{"href":"https:\/\/linitiative.ca\/International\/wp-json\/wp\/v2\/posts\/51821","targetHints":{"allow":["GET"]}}],"collection":[{"href":"https:\/\/linitiative.ca\/International\/wp-json\/wp\/v2\/posts"}],"about":[{"href":"https:\/\/linitiative.ca\/International\/wp-json\/wp\/v2\/types\/post"}],"author":[{"embeddable":true,"href":"https:\/\/linitiative.ca\/International\/wp-json\/wp\/v2\/users\/1787"}],"replies":[{"embeddable":true,"href":"https:\/\/linitiative.ca\/International\/wp-json\/wp\/v2\/comments?post=51821"}],"version-history":[{"count":0,"href":"https:\/\/linitiative.ca\/International\/wp-json\/wp\/v2\/posts\/51821\/revisions"}],"wp:attachment":[{"href":"https:\/\/linitiative.ca\/International\/wp-json\/wp\/v2\/media?parent=51821"}],"wp:term":[{"taxonomy":"category","embeddable":true,"href":"https:\/\/linitiative.ca\/International\/wp-json\/wp\/v2\/categories?post=51821"},{"taxonomy":"post_tag","embeddable":true,"href":"https:\/\/linitiative.ca\/International\/wp-json\/wp\/v2\/tags?post=51821"}],"curies":[{"name":"wp","href":"https:\/\/api.w.org\/{rel}","templated":true}]}}