{"id":51822,"date":"2019-08-15T06:14:24","date_gmt":"2019-08-15T10:14:24","guid":{"rendered":"https:\/\/linitiative.ca\/International\/le-maroc-recoit-un-soutien-important-de-lespagne\/"},"modified":"2019-08-15T06:14:24","modified_gmt":"2019-08-15T10:14:24","slug":"le-maroc-recoit-un-soutien-important-de-lespagne","status":"publish","type":"post","link":"https:\/\/linitiative.ca\/International\/le-maroc-recoit-un-soutien-important-de-lespagne\/","title":{"rendered":"Le Maroc re\u00e7oit un soutien important de l\u2019Espagne"},"content":{"rendered":"<p><strong>En vue d\u2019am\u00e9liorer le contr\u00f4le de la migration, l\u2019Espagne a envoy\u00e9 750 v\u00e9hicules, 15 drones et des dizaines d\u2019\u00e9quipements radar au Maroc, a annonc\u00e9 le journal espagnol Malaga Hoy.<\/strong><\/p>\n<div class=\"c10\"\/>\n<p>Saluant la collaboration du Maroc avec l\u2019Espagne dans le domaine du contr\u00f4le des fronti\u00e8res migratoires dans son \u00e9ditorial du mardi 12 ao\u00fbt, la publication a indiqu\u00e9 que la collaboration avait entra\u00een\u00e9 une \u00abdiminution significative de l\u2019arriv\u00e9e de <strong>migrants<\/strong> en Espagne\u00bb. Quelque 13.326 migrants en situation irr\u00e9guli\u00e8re sont arriv\u00e9s en Espagne, \u00ab\u00a0pr\u00e8s de 9.000 de moins que lors de la p\u00e9riode pr\u00e9c\u00e9dente\u00a0\u00bb.<\/p>\n<p>Le journal en ligne a \u00e9galement rappel\u00e9 l\u2019activisme espagnol en faveur du gouvernement marocain aupr\u00e8s de l\u2019<strong>Union europ\u00e9enne<\/strong>, qui a conduit \u00e0 l\u2019approbation d\u2019une subvention de 140 millions d\u2019euros indiquant que \u00ab\u00a0le Conseil des ministres a approuv\u00e9 l\u2019envoi de 30 millions d\u2019euros suppl\u00e9mentaires du Fonds de pr\u00e9voyance au Maroc\u00a0\u00bb.<\/p>\n<p>Lire aussi : <a href=\"https:\/\/www.challenge.ma\/la-marine-royale-porte-secours-a-271-candidats-a-la-migration-irreguliere-112360\/\">La Marine Royale porte secours \u00e0 271 candidats \u00e0 la migration irr\u00e9guli\u00e8re<\/a><\/p>\n<p>Plus t\u00f4t ce mois-ci, ABC News avait d\u00e9clar\u00e9 que les efforts du <strong>Maroc<\/strong> contribuaient \u00e0 ralentir la migration irr\u00e9guli\u00e8re en <strong>Espagne<\/strong>. Et de souligner que le mois de juillet s\u2019est termin\u00e9 sur une baisse significative de la migration irr\u00e9guli\u00e8re. Les services de s\u00e9curit\u00e9 avaient intercept\u00e9 2 362 migrants et en mer, contre 7.885 \u00e0 la m\u00eame p\u00e9riode en 2018. Le nombre de tentatives avort\u00e9es en juillet repr\u00e9sente une diminution de 70%.<\/p>\n<p>Le directeur de l\u2019immigration et de la surveillance des fronti\u00e8res du minist\u00e8re marocain de l\u2019Int\u00e9rieur, Khalid Zerouali, a d\u00e9clar\u00e9 : \u00ab\u00a0Ensemble avec l\u2019Espagne, nous travaillons dans l\u2019int\u00e9r\u00eat sup\u00e9rieur des mineurs.\u00a0\u00bb Et d\u2019ajouter\u00a0: \u00abNous sommes un pays responsable pr\u00eat \u00e0 accueillir ces enfants. S\u2019ils sont vraiment les n\u00f4tres, nous devons d\u2019abord les identifier pour nous assurer qu\u2019ils sont marocains\u00bb, a-t-il expliqu\u00e9.<\/p>\n<p>Le 13 ao\u00fbt, l\u2019agence des garde-fronti\u00e8res et des gardes-c\u00f4tes europ\u00e9ens <strong>Frontex<\/strong> a d\u00e9clar\u00e9 que \u00able nombre de d\u00e9tections de fronti\u00e8res ill\u00e9gales sur les principales routes migratoires de l\u2019Europe a augment\u00e9 de 4% par rapport au mois pr\u00e9c\u00e9dent, pour atteindre environ 10.500\u00bb.<\/p>\n<p>L\u2019agence a ajout\u00e9 que le total pour les sept premiers mois de 2019 \u00e9tait \u00ab30% inf\u00e9rieur \u00e0 l\u2019an dernier, soit environ 54.300\u00bb.<\/p>\n<div class=\"c17\">\n<fieldset class=\"c16\">\n<legend><strong><span class=\"c11\">Challenge<\/span><span class=\"c12\">news<\/span><\/strong><\/legend>\n<div class=\"c15\">Le meilleur de la r\u00e9daction s\u00e9lectionn\u00e9 par Challenge :<\/p>\n<\/div>\n<\/fieldset>\n<\/div>\n<p>Auteur: Hassan Manyani<br \/>\n<a href=\"https:\/\/www.challenge.ma\/le-maroc-recoit-un-soutien-important-de-lespagne-115505\/\">Cliquez ici pour lire l&rsquo;article depuis sa source.<\/a><\/p>\n","protected":false},"excerpt":{"rendered":"<p>En vue d\u2019am\u00e9liorer le contr\u00f4le de la migration, l\u2019Espagne a envoy\u00e9 750 v\u00e9hicules, 15 drones et des dizaines d\u2019\u00e9quipements radar au Maroc, a annonc\u00e9 le journal espagnol Malaga Hoy. Saluant la collaboration du Maroc avec l\u2019Espagne dans le domaine du contr\u00f4le des fronti\u00e8res migratoires dans son \u00e9ditorial du mardi 12 ao\u00fbt, la publication a indiqu\u00e9 [&hellip;]<\/p>\n","protected":false},"author":1787,"featured_media":0,"comment_status":"closed","ping_status":"closed","sticky":false,"template":"","format":"standard","meta":{"fifu_image_url":"","fifu_image_alt":"","footnotes":""},"categories":[78,54],"tags":[],"class_list":["post-51822","post","type-post","status-publish","format-standard","hentry","category-economie","category-maroc"],"_links":{"self":[{"href":"https:\/\/linitiative.ca\/International\/wp-json\/wp\/v2\/posts\/51822","targetHints":{"allow":["GET"]}}],"collection":[{"href":"https:\/\/linitiative.ca\/International\/wp-json\/wp\/v2\/posts"}],"about":[{"href":"https:\/\/linitiative.ca\/International\/wp-json\/wp\/v2\/types\/post"}],"author":[{"embeddable":true,"href":"https:\/\/linitiative.ca\/International\/wp-json\/wp\/v2\/users\/1787"}],"replies":[{"embeddable":true,"href":"https:\/\/linitiative.ca\/International\/wp-json\/wp\/v2\/comments?post=51822"}],"version-history":[{"count":0,"href":"https:\/\/linitiative.ca\/International\/wp-json\/wp\/v2\/posts\/51822\/revisions"}],"wp:attachment":[{"href":"https:\/\/linitiative.ca\/International\/wp-json\/wp\/v2\/media?parent=51822"}],"wp:term":[{"taxonomy":"category","embeddable":true,"href":"https:\/\/linitiative.ca\/International\/wp-json\/wp\/v2\/categories?post=51822"},{"taxonomy":"post_tag","embeddable":true,"href":"https:\/\/linitiative.ca\/International\/wp-json\/wp\/v2\/tags?post=51822"}],"curies":[{"name":"wp","href":"https:\/\/api.w.org\/{rel}","templated":true}]}}