{"id":51823,"date":"2019-08-15T06:38:40","date_gmt":"2019-08-15T10:38:40","guid":{"rendered":"https:\/\/linitiative.ca\/International\/7-janvier-2004-installation-de-linstance-equite-et-reconciliation\/"},"modified":"2019-08-15T06:38:40","modified_gmt":"2019-08-15T10:38:40","slug":"7-janvier-2004-installation-de-linstance-equite-et-reconciliation","status":"publish","type":"post","link":"https:\/\/linitiative.ca\/International\/7-janvier-2004-installation-de-linstance-equite-et-reconciliation\/","title":{"rendered":"7 janvier 2004 : Installation de l\u2019Instance Equit\u00e9 et R\u00e9conciliation"},"content":{"rendered":"<p>L\u2019Instance Equit\u00e9 et R\u00e9conciliation (IER) est install\u00e9e officiellement par le Roi Mohammed VI. Dans le discours prononc\u00e9 \u00e0 cette occasion, le Souverain a conf\u00e9r\u00e9 \u00e0 l\u2019Instance une dimension historique et lui a confi\u00e9 des responsabilit\u00e9s \u00e9minentes en la d\u00e9finissant comme une commission pour la v\u00e9rit\u00e9 et l\u2019\u00e9quit\u00e9.<\/p>\n<div class=\"c10\"\/>\n<p>L\u2019IER avait dispos\u00e9 de 23 mois pour examiner la violation des droits de l\u2019Homme sur une p\u00e9riode de 43 ans, examen ax\u00e9 sur :\u00a0<\/p>\n<p>\u2022 Les dossiers des personnes pr\u00e9sum\u00e9es disparues<\/p>\n<p>\u2022 La d\u00e9tention arbitraire<\/p>\n<p>\u2022 La torture et mauvais traitements<\/p>\n<p>\u2022 Les atteintes au droit \u00e0 la vie du fait de l\u2019usage excessif et disproportionn\u00e9 de la force publique<\/p>\n<p><strong>Un Hors-s\u00e9rie exceptionnel du magazine Challenge \u00ab\u00a0Les 20 ans qui ont fond\u00e9 le Maroc de demain\u00a0\u00bb est en vente en kiosque.<\/strong><\/p>\n<p><img decoding=\"async\" src=\"https:\/\/www.challenge.ma\/wp-content\/uploads\/2019\/07\/Challenge-707-hors-serie-750x989-1.jpg\" alt=\"\" class=\"wp-image-114195\" srcset=\"https:\/\/www.challenge.ma\/wp-content\/uploads\/2019\/07\/Challenge-707-hors-serie-750x989-1.jpg 750w, https:\/\/www.challenge.ma\/wp-content\/uploads\/2019\/07\/Challenge-707-hors-serie-750x989-1-228x300.jpg 228w, https:\/\/www.challenge.ma\/wp-content\/uploads\/2019\/07\/Challenge-707-hors-serie-750x989-1-360x475.jpg 360w\" sizes=\"(max-width: 750px) 100vw, 750px\"\/><\/p>\n<div class=\"c17\">\n<fieldset class=\"c16\">\n<legend><strong><span class=\"c11\">Challenge<\/span><span class=\"c12\">news<\/span><\/strong><\/legend>\n<div class=\"c15\">Le meilleur de la r\u00e9daction s\u00e9lectionn\u00e9 par Challenge :<\/p>\n<\/div>\n<\/fieldset>\n<\/div>\n<p>Auteur: challenge<br \/>\n<a href=\"https:\/\/www.challenge.ma\/7-janvier-2004-installation-de-linstance-equite-et-reconciliation-114579\/\">Cliquez ici pour lire l&rsquo;article depuis sa source.<\/a><\/p>\n","protected":false},"excerpt":{"rendered":"<p>L\u2019Instance Equit\u00e9 et R\u00e9conciliation (IER) est install\u00e9e officiellement par le Roi Mohammed VI. Dans le discours prononc\u00e9 \u00e0 cette occasion, le Souverain a conf\u00e9r\u00e9 \u00e0 l\u2019Instance une dimension historique et lui a confi\u00e9 des responsabilit\u00e9s \u00e9minentes en la d\u00e9finissant comme une commission pour la v\u00e9rit\u00e9 et l\u2019\u00e9quit\u00e9. L\u2019IER avait dispos\u00e9 de 23 mois pour examiner [&hellip;]<\/p>\n","protected":false},"author":1787,"featured_media":51824,"comment_status":"closed","ping_status":"closed","sticky":false,"template":"","format":"standard","meta":{"fifu_image_url":"","fifu_image_alt":"","footnotes":""},"categories":[78,54],"tags":[],"class_list":["post-51823","post","type-post","status-publish","format-standard","has-post-thumbnail","hentry","category-economie","category-maroc"],"_links":{"self":[{"href":"https:\/\/linitiative.ca\/International\/wp-json\/wp\/v2\/posts\/51823","targetHints":{"allow":["GET"]}}],"collection":[{"href":"https:\/\/linitiative.ca\/International\/wp-json\/wp\/v2\/posts"}],"about":[{"href":"https:\/\/linitiative.ca\/International\/wp-json\/wp\/v2\/types\/post"}],"author":[{"embeddable":true,"href":"https:\/\/linitiative.ca\/International\/wp-json\/wp\/v2\/users\/1787"}],"replies":[{"embeddable":true,"href":"https:\/\/linitiative.ca\/International\/wp-json\/wp\/v2\/comments?post=51823"}],"version-history":[{"count":0,"href":"https:\/\/linitiative.ca\/International\/wp-json\/wp\/v2\/posts\/51823\/revisions"}],"wp:featuredmedia":[{"embeddable":true,"href":"https:\/\/linitiative.ca\/International\/wp-json\/"}],"wp:attachment":[{"href":"https:\/\/linitiative.ca\/International\/wp-json\/wp\/v2\/media?parent=51823"}],"wp:term":[{"taxonomy":"category","embeddable":true,"href":"https:\/\/linitiative.ca\/International\/wp-json\/wp\/v2\/categories?post=51823"},{"taxonomy":"post_tag","embeddable":true,"href":"https:\/\/linitiative.ca\/International\/wp-json\/wp\/v2\/tags?post=51823"}],"curies":[{"name":"wp","href":"https:\/\/api.w.org\/{rel}","templated":true}]}}