{"id":51827,"date":"2019-08-15T07:32:55","date_gmt":"2019-08-15T11:32:55","guid":{"rendered":"https:\/\/linitiative.ca\/International\/frmf-un-nouveau-sponsor-apres-lexpiration-du-contrat-avec-adidas\/"},"modified":"2019-08-15T07:32:55","modified_gmt":"2019-08-15T11:32:55","slug":"frmf-un-nouveau-sponsor-apres-lexpiration-du-contrat-avec-adidas","status":"publish","type":"post","link":"https:\/\/linitiative.ca\/International\/frmf-un-nouveau-sponsor-apres-lexpiration-du-contrat-avec-adidas\/","title":{"rendered":"FRMF : un nouveau sponsor apr\u00e8s l\u2019expiration du contrat avec Adidas"},"content":{"rendered":"<p><strong>La F\u00e9d\u00e9ration marocaine de football (FRMF) a annonc\u00e9 la signature d\u2019un contrat de quatre ans<\/strong> <strong>avec la soci\u00e9t\u00e9 de v\u00eatements de sport Puma.<\/strong><\/p>\n<div class=\"c10\"\/>\n<p>La FRMF a sign\u00e9 un contrat avec Puma le vendredi 9 ao\u00fbt. Puma remplacera Adidas pour produire des kits pour toutes les \u00e9quipes nationales marocaines.<\/p>\n<p>La FRMF a \u00e9galement annonc\u00e9 que ce contrat a expir\u00e9 le 30 juin. La f\u00e9d\u00e9ration a ajout\u00e9 avoir mis en place un comit\u00e9 sp\u00e9cial charg\u00e9 d\u2019\u00e9tudier les demandes de soumission. En vertu de l\u2019accord, \u00ab\u00a0Puma fournira du mat\u00e9riel et des v\u00eatements de sport \u00e0 toutes les \u00e9quipes nationales, \u00e9tant donn\u00e9 que la valeur financi\u00e8re a doubl\u00e9 par rapport au contrat liant la f\u00e9d\u00e9ration \u00e0 la soci\u00e9t\u00e9 pr\u00e9c\u00e9dente\u00a0\u00bb, a conclu la FRMF.<\/p>\n<p>Le Maroc et Adidas ont travaill\u00e9 ensemble pendant sept ans, le contrat a d\u00e9but\u00e9 en 2012. L\u2019ann\u00e9e derni\u00e8re, avant la Coupe du monde 2018, les supporters marocains du football ont exprim\u00e9 leur d\u00e9ception vis-\u00e0-vis des kits Adidas con\u00e7us par la marque internationale pour les Lions de l\u2019Atlas. Les maillots ont fait l\u2019objet de nombreuses critiques sur les r\u00e9seaux sociaux de la part de Marocains peu impressionn\u00e9s.<\/p>\n<div class=\"c17\">\n<fieldset class=\"c16\">\n<legend><strong><span class=\"c11\">Challenge<\/span><span class=\"c12\">news<\/span><\/strong><\/legend>\n<div class=\"c15\">Le meilleur de la r\u00e9daction s\u00e9lectionn\u00e9 par Challenge :<\/p>\n<\/div>\n<\/fieldset>\n<\/div>\n<p>Auteur: Hassan Manyani<br \/>\n<a href=\"https:\/\/www.challenge.ma\/frmf-un-nouveau-sponsor-apres-lexpiration-du-contrat-avec-adidas-115522\/\">Cliquez ici pour lire l&rsquo;article depuis sa source.<\/a><\/p>\n","protected":false},"excerpt":{"rendered":"<p>La F\u00e9d\u00e9ration marocaine de football (FRMF) a annonc\u00e9 la signature d\u2019un contrat de quatre ans avec la soci\u00e9t\u00e9 de v\u00eatements de sport Puma. La FRMF a sign\u00e9 un contrat avec Puma le vendredi 9 ao\u00fbt. Puma remplacera Adidas pour produire des kits pour toutes les \u00e9quipes nationales marocaines. La FRMF a \u00e9galement annonc\u00e9 que ce [&hellip;]<\/p>\n","protected":false},"author":1787,"featured_media":0,"comment_status":"closed","ping_status":"closed","sticky":false,"template":"","format":"standard","meta":{"fifu_image_url":"","fifu_image_alt":"","footnotes":""},"categories":[78,54],"tags":[],"class_list":["post-51827","post","type-post","status-publish","format-standard","hentry","category-economie","category-maroc"],"_links":{"self":[{"href":"https:\/\/linitiative.ca\/International\/wp-json\/wp\/v2\/posts\/51827","targetHints":{"allow":["GET"]}}],"collection":[{"href":"https:\/\/linitiative.ca\/International\/wp-json\/wp\/v2\/posts"}],"about":[{"href":"https:\/\/linitiative.ca\/International\/wp-json\/wp\/v2\/types\/post"}],"author":[{"embeddable":true,"href":"https:\/\/linitiative.ca\/International\/wp-json\/wp\/v2\/users\/1787"}],"replies":[{"embeddable":true,"href":"https:\/\/linitiative.ca\/International\/wp-json\/wp\/v2\/comments?post=51827"}],"version-history":[{"count":0,"href":"https:\/\/linitiative.ca\/International\/wp-json\/wp\/v2\/posts\/51827\/revisions"}],"wp:attachment":[{"href":"https:\/\/linitiative.ca\/International\/wp-json\/wp\/v2\/media?parent=51827"}],"wp:term":[{"taxonomy":"category","embeddable":true,"href":"https:\/\/linitiative.ca\/International\/wp-json\/wp\/v2\/categories?post=51827"},{"taxonomy":"post_tag","embeddable":true,"href":"https:\/\/linitiative.ca\/International\/wp-json\/wp\/v2\/tags?post=51827"}],"curies":[{"name":"wp","href":"https:\/\/api.w.org\/{rel}","templated":true}]}}