{"id":51828,"date":"2019-08-15T08:17:35","date_gmt":"2019-08-15T12:17:35","guid":{"rendered":"https:\/\/linitiative.ca\/International\/maroc-que-reservera-le-prochain-remaniement-ministeriel-aux-partis\/"},"modified":"2019-08-15T08:17:35","modified_gmt":"2019-08-15T12:17:35","slug":"maroc-que-reservera-le-prochain-remaniement-ministeriel-aux-partis","status":"publish","type":"post","link":"https:\/\/linitiative.ca\/International\/maroc-que-reservera-le-prochain-remaniement-ministeriel-aux-partis\/","title":{"rendered":"Maroc : Que r\u00e9servera le prochain  remaniement minist\u00e9riel aux partis ?"},"content":{"rendered":"<p><strong>Dans son discours du 29 juillet dernier \u00e0 l\u2019occasion du 20<\/strong><sup><strong>\u00e8me<\/strong><\/sup><strong>\u00a0anniversaire de son ascension au Tr\u00f4ne, le Roi Mohammed VI a appel\u00e9 notamment \u00e0 la r\u00e9novation du mod\u00e8le de d\u00e9veloppement national pour l\u2019\u00e9mergence d\u2019une nouvelle \u00e9tape.<\/strong><\/p>\n<div class=\"c10\"\/>\n<p>Dans cette perspective, le chef du gouvernement <strong>Sa\u00e2deddine El Otmani<\/strong> a \u00e9t\u00e9 charg\u00e9 de soumettre \u00e0 l\u2019appr\u00e9ciation du souverain\u00a0: \u00ab\u00a0des propositions visant \u00e0 renouveler et enrichir les postes de responsabilit\u00e9, tant au sein du gouvernement que dans l\u2019Administration, en les pourvoyant de profils de haut niveau, choisis selon les crit\u00e8res de comp\u00e9tence et de m\u00e9rite\u00a0\u00bb. Une v\u00e9ritable fi\u00e8vre s\u2019est ainsi empar\u00e9 des partis de la majorit\u00e9.<\/p>\n<p>A l\u2019image du <strong>mod\u00e8le de<\/strong> <strong>d\u00e9veloppement<\/strong>, les partis ont \u00e9galement prouv\u00e9 leur limite surtout que le Roi Mohammed VI les avait exhort\u00e9s lors de son 19<sup>\u00e8me<\/sup>\u00a0discours le 29 juillet 2018 \u00e0 \u00ab\u2026attirer de nouvelles \u00e9lites et \u00e0 inciter les jeunes \u00e0 s\u2019engager dans l\u2019action politique, les g\u00e9n\u00e9rations d\u2019aujourd\u2019hui \u00e9tant les mieux plac\u00e9s pour conna\u00eetre les probl\u00e8mes et les n\u00e9cessit\u00e9s de leur \u00e9poque\u00a0\u00bb.<\/p>\n<p>Lire aussi : <a href=\"https:\/\/www.challenge.ma\/fete-du-trone-le-souverain-appelle-a-un-maroc-equitable-solidaire-et-ouvert-sur-le-monde-114246\/\">F\u00eate du Tr\u00f4ne : le souverain appelle \u00e0 un Maroc \u00e9quitable, solidaire et ouvert sur le monde<\/a><\/p>\n<p>Du coup, les <strong>sp\u00e9culations<\/strong> vont bon train quant \u00e0 l\u2019issue de ce dossier br\u00fblant entre les mains du chef du gouvernement qui doit rendre\u00a0\u00a0en principe sa copie avant la rentr\u00e9e politique. La presse parle de tractations au sein des \u00e9tats majors des partis relatives aux profils \u00e0 proposer. On parle d\u00e9j\u00e0 de d\u00e9parts de certains ministres ou secr\u00e9taires d\u2019Etat mais, pour l\u2019heure, rien de tangible n\u2019appara\u00eet \u00e0 l\u2019horizon sauf la sortie m\u00e9diatique, d\u00e9but juillet et ao\u00fbt, du secr\u00e9taire g\u00e9n\u00e9ral du Mouvement Populaire Mohand Laenser, d\u2019abord pour d\u00e9noncer l\u2019inefficacit\u00e9 d\u2019une <strong>coalition<\/strong> gouvernementale h\u00e9t\u00e9rog\u00e8ne et pour appeler, au lendemain du discours royal, \u00e0 la tenue d\u2019une r\u00e9union de la majorit\u00e9 gouvernementale pour d\u00e9battre de la nouvelle feuille de route \u00e9tablie par le Souverain.<\/p>\n<p>Jusqu\u2019\u00e0 pr\u00e9sent, silence radio. Sa\u00e2d Eddine El Otmani passe peut-\u00eatre des vacances studieuses \u00e0 peaufiner ses propositions et les profils. Ira-t-il jusqu\u2019\u00e0 en chercher en dehors du cercle partisan\u00a0?<\/p>\n<p>En attendant de voir plus clair, notre confr\u00e8re L\u2019Economiste estime dans son \u00e9dition de ce jeudi que le chef du gouvernement tra\u00eene du pied mais que des r\u00e9unions avec les t\u00e9nors de la majorit\u00e9 gouvernementale sont pr\u00e9vues \u00e0 partir de la semaine prochaine. Une v\u00e9ritable course contre la montre sera engag\u00e9e avec le risque et la crainte de difficult\u00e9s et d\u2019obstacles qui pourraient d\u00e9boucher sur un <strong>blocage<\/strong>, semblable \u00e0 celui connu en 2016\u00a0!<\/p>\n<div class=\"c17\">\n<fieldset class=\"c16\">\n<legend><strong><span class=\"c11\">Challenge<\/span><span class=\"c12\">news<\/span><\/strong><\/legend>\n<div class=\"c15\">Le meilleur de la r\u00e9daction s\u00e9lectionn\u00e9 par Challenge :<\/p>\n<\/div>\n<\/fieldset>\n<\/div>\n<p>Auteur: challenge<br \/>\n<a href=\"https:\/\/www.challenge.ma\/maroc-que-reservera-le-prochain-remaniement-ministeriel-aux-partis-115535\/\">Cliquez ici pour lire l&rsquo;article depuis sa source.<\/a><\/p>\n","protected":false},"excerpt":{"rendered":"<p>Dans son discours du 29 juillet dernier \u00e0 l\u2019occasion du 20\u00e8me\u00a0anniversaire de son ascension au Tr\u00f4ne, le Roi Mohammed VI a appel\u00e9 notamment \u00e0 la r\u00e9novation du mod\u00e8le de d\u00e9veloppement national pour l\u2019\u00e9mergence d\u2019une nouvelle \u00e9tape. Dans cette perspective, le chef du gouvernement Sa\u00e2deddine El Otmani a \u00e9t\u00e9 charg\u00e9 de soumettre \u00e0 l\u2019appr\u00e9ciation du souverain\u00a0: [&hellip;]<\/p>\n","protected":false},"author":1787,"featured_media":0,"comment_status":"closed","ping_status":"closed","sticky":false,"template":"","format":"standard","meta":{"fifu_image_url":"","fifu_image_alt":"","footnotes":""},"categories":[78,54],"tags":[],"class_list":["post-51828","post","type-post","status-publish","format-standard","hentry","category-economie","category-maroc"],"_links":{"self":[{"href":"https:\/\/linitiative.ca\/International\/wp-json\/wp\/v2\/posts\/51828","targetHints":{"allow":["GET"]}}],"collection":[{"href":"https:\/\/linitiative.ca\/International\/wp-json\/wp\/v2\/posts"}],"about":[{"href":"https:\/\/linitiative.ca\/International\/wp-json\/wp\/v2\/types\/post"}],"author":[{"embeddable":true,"href":"https:\/\/linitiative.ca\/International\/wp-json\/wp\/v2\/users\/1787"}],"replies":[{"embeddable":true,"href":"https:\/\/linitiative.ca\/International\/wp-json\/wp\/v2\/comments?post=51828"}],"version-history":[{"count":0,"href":"https:\/\/linitiative.ca\/International\/wp-json\/wp\/v2\/posts\/51828\/revisions"}],"wp:attachment":[{"href":"https:\/\/linitiative.ca\/International\/wp-json\/wp\/v2\/media?parent=51828"}],"wp:term":[{"taxonomy":"category","embeddable":true,"href":"https:\/\/linitiative.ca\/International\/wp-json\/wp\/v2\/categories?post=51828"},{"taxonomy":"post_tag","embeddable":true,"href":"https:\/\/linitiative.ca\/International\/wp-json\/wp\/v2\/tags?post=51828"}],"curies":[{"name":"wp","href":"https:\/\/api.w.org\/{rel}","templated":true}]}}