{"id":51829,"date":"2019-08-15T09:27:44","date_gmt":"2019-08-15T13:27:44","guid":{"rendered":"https:\/\/linitiative.ca\/International\/wlad-derb-un-livre-blanc-a-destination-des-autorites-casablancaises\/"},"modified":"2019-08-15T09:27:44","modified_gmt":"2019-08-15T13:27:44","slug":"wlad-derb-un-livre-blanc-a-destination-des-autorites-casablancaises","status":"publish","type":"post","link":"https:\/\/linitiative.ca\/International\/wlad-derb-un-livre-blanc-a-destination-des-autorites-casablancaises\/","title":{"rendered":"Wlad Derb : Un \u00ablivre blanc\u00bb \u00e0 destination des autorit\u00e9s casablancaises"},"content":{"rendered":"<p><strong>Le \u201cMouvement Wlad Derb\u201d (enfants du quartier) a lanc\u00e9 un appel<\/strong> <strong>\u00e0<\/strong> <strong>tous les Casablancais \u00e0 contribuer \u00e0 la r\u00e9daction de son livre blanc, qui sera remis aux autorit\u00e9s concern\u00e9es.<\/strong><\/p>\n<div class=\"c10\"\/>\n<p>Belle initiative que celle lanc\u00e9e par le mouvement ind\u00e9pendant \u00ab\u00a0Wlad Derb\u00a0\u00bb. Objectif : rapprocher les autorit\u00e9s des probl\u00e8mes des habitants de la capitale \u00e9conomique en ce qui concerne le transport, l\u2019hygi\u00e8ne, les activit\u00e9s culturelles, le conseil municipal et le syst\u00e8me de taxation local.<\/p>\n<div class=\"wp-block-embed__wrapper\">\n<div class=\"fb-video\" data-href=\"https:\/\/www.facebook.com\/mouvementwladderb\/videos\/474403773395494\/?__xts__[0]=68.ARC-qm-8_TJfwMD59eDM6ET0jYHwltYoir77J6uivRvhEFUGuf5WD69bv6niVMy0aM5VHOMiYkbw7edxS49orAsn4OcJKyph5vXJ7nVxcxryYAdMTW1I_Cs6IDxKOJixrEx3cbHfiEga_lcREKVzDigBBdcbNmvb1anm3S6whTUK2ZUx6UD15B528uIq-U71PlYs31E9-Q8hqNT-dgUMjxF_OG8rfqvlDo4p-yfP0CxaZF7zH2wH8cqhnR5h2jp1IfQF5CbaMvyvAGohmxhZu02nSqWIwTevhYGjz-zVD4Mh3g3k3ANEUSgHp9B9YGZs7M5lWP3ghxhGDx2DZUjbflJjT5Y7j7ijJ_AqOA&#038;__tn__=-R\" data-width=\"1140\">\n<blockquote cite=\"https:\/\/www.facebook.com\/mouvementwladderb\/videos\/474403773395494\/\" class=\"fb-xfbml-parse-ignore\">\n<p>\u0643\u0627\u062a\u0634\u0648\u0641 \u0634\u064a \u0645\u0634\u0643\u0644 \u0641 \u0627\u0644\u062f\u0627\u0631 \u0627\u0644\u0628\u064a\u0636\u0627\u0621\u061f \u0643\u064a\u0628\u0627\u0646 \u0644\u064a\u0643 \u0627\u0644\u062d\u0644 \u061f \u0628\u064a\u0636\u0627\u0648\u0629 \u0643\u0627\u0645\u0644\u064a\u0646 \u0645\u062f\u0639\u0648\u064a\u064a\u0646 \u0645\u0646 \u0623\u062c\u0644 \u0627\u0644\u0645\u0633\u0627\u0647\u0645\u0629 \u0641\u064a \u0635\u064a\u0627\u063a\u0629 \u0643\u062a\u0627\u0628 \u0623\u0628\u064a\u0636 \u0644\u0644\u062f\u0627\u0631 \u0627\u0644\u0628\u064a\u0636\u0627\u0621\u060c \u0628\u0625\u0631\u0633\u0627\u0644 \u0627\u0644\u0645\u0634\u0643\u0644 \u0648\u0627\u0644\u062d\u0644 \u062f\u064a\u0627\u0644\u0648 \u0639\u0644\u0649 \u0627\u0644\u0628\u0631\u064a\u062f \u0627\u0644\u0625\u0644\u0643\u062a\u0631\u0648\u0646\u064a: info.wlad.derb@gmail.com\u0627\u0644\u0643\u062a\u0627\u0628 \u0627\u0644\u0623\u0628\u064a\u0636 \u0633\u064a\u0633\u0644\u0645 \u0644\u0644\u0633\u0644\u0637\u0627\u062a \u0627\u0644\u0645\u0639\u0646\u064a\u0629 \u0628\u0627\u0644\u0645\u062f\u064a\u0646\u0629 \u0623\u062e\u0631 \u0627\u062c\u0644 \u0644\u0627\u0631\u0633\u0627\u0644 \u0627\u0644\u0645\u0633\u0627\u0647\u0645\u0627\u062a \u0647\u0648 17 \u063a\u0634\u062a 2019#\u0648\u0644\u0627\u062f_\u0627\u0644\u062f\u0631\u0628 #\u0627\u0644\u0648\u0639\u064a_\u0623\u0648\u0644\u0627#\u0643\u062a\u0627\u0628_\u0623\u0628\u064a\u0636_\u0644\u0644\u062f\u0627\u0631\u0627\u0644\u0628\u064a\u0636\u0627\u0621<\/p>\n<p>Publi\u00e9e par \u200e<a href=\"https:\/\/www.facebook.com\/mouvementwladderb\/\">Wlad Derb \u2013 \u0648\u0644\u0627\u062f \u0627\u0644\u062f\u0631\u0628<\/a>\u200e sur Mercredi 14 ao\u00fbt 2019<\/p><\/blockquote>\n<\/div>\n<\/div>\n<p>\u00abCroire que la construction d\u2019une patrie coh\u00e9rente, qui peut \u00eatre accueillie par tous, ne peut \u00eatre r\u00e9alis\u00e9e que par la mise en place du principe de d\u00e9mocratie participative\u00bb, a indiqu\u00e9 le mouvement dans un post sur sa page Facebook en mettant \u00e0 disposition des habitants de Casablanca l\u2019adresse e-mail suivante afin de promouvoir ce livre blanc\u00a0: <a href=\"\/cdn-cgi\/l\/email-protection\" class=\"__cf_email__\" data-cfemail=\"d2bbbcb4bdfca5beb3b6fcb6b7a0b092b5bfb3bbbefcb1bdbffc\">[email\u00a0protected]<\/a><\/p>\n<p>La date limite de soumission est le 17 ao\u00fbt 2019.<\/p>\n<p><img decoding=\"async\" src=\"https:\/\/www.challenge.ma\/wp-content\/uploads\/2019\/08\/67890534_1074861629385671_5664156123540750336_n.jpg\" alt=\"\" class=\"wp-image-115507\" srcset=\"https:\/\/www.challenge.ma\/wp-content\/uploads\/2019\/08\/67890534_1074861629385671_5664156123540750336_n.jpg 800w, https:\/\/www.challenge.ma\/wp-content\/uploads\/2019\/08\/67890534_1074861629385671_5664156123540750336_n-300x225.jpg 300w, https:\/\/www.challenge.ma\/wp-content\/uploads\/2019\/08\/67890534_1074861629385671_5664156123540750336_n-768x576.jpg 768w, https:\/\/www.challenge.ma\/wp-content\/uploads\/2019\/08\/67890534_1074861629385671_5664156123540750336_n-360x270.jpg 360w, https:\/\/www.challenge.ma\/wp-content\/uploads\/2019\/08\/67890534_1074861629385671_5664156123540750336_n-750x563.jpg 750w\" sizes=\"(max-width: 800px) 100vw, 800px\"\/><\/p>\n<p>Rappelons que ce mouvement a tenu \u00e0 s\u2019exprimer sur le drame de Hiba dans sa lettre o\u00f9 il reproche \u00e0 la protection civile \u201cl\u2019absence de communication aupr\u00e8s de l\u2019opinion publique autour des circonstances de l\u2019incident\u201d. Il s\u2019agit d\u2019une direction g\u00e9n\u00e9rale ind\u00e9pendante. Elle se doit de communiquer, de s\u2019expliquer\u00a0\u00bb, note le mouvement.<\/p>\n<div class=\"c17\">\n<fieldset class=\"c16\">\n<legend><strong><span class=\"c11\">Challenge<\/span><span class=\"c12\">news<\/span><\/strong><\/legend>\n<div class=\"c15\">Le meilleur de la r\u00e9daction s\u00e9lectionn\u00e9 par Challenge :<\/p>\n<\/div>\n<\/fieldset>\n<\/div>\n<p>Auteur: Hajar DARI<br \/>\n<a href=\"https:\/\/www.challenge.ma\/wlad-derb-un-livre-blanc-a-destination-des-autorites-casablancaise-115506\/\">Cliquez ici pour lire l&rsquo;article depuis sa source.<\/a><\/p>\n","protected":false},"excerpt":{"rendered":"<p>Le \u201cMouvement Wlad Derb\u201d (enfants du quartier) a lanc\u00e9 un appel \u00e0 tous les Casablancais \u00e0 contribuer \u00e0 la r\u00e9daction de son livre blanc, qui sera remis aux autorit\u00e9s concern\u00e9es. Belle initiative que celle lanc\u00e9e par le mouvement ind\u00e9pendant \u00ab\u00a0Wlad Derb\u00a0\u00bb. Objectif : rapprocher les autorit\u00e9s des probl\u00e8mes des habitants de la capitale \u00e9conomique en [&hellip;]<\/p>\n","protected":false},"author":1787,"featured_media":51830,"comment_status":"closed","ping_status":"closed","sticky":false,"template":"","format":"standard","meta":{"fifu_image_url":"","fifu_image_alt":"","footnotes":""},"categories":[78,54],"tags":[],"class_list":["post-51829","post","type-post","status-publish","format-standard","has-post-thumbnail","hentry","category-economie","category-maroc"],"_links":{"self":[{"href":"https:\/\/linitiative.ca\/International\/wp-json\/wp\/v2\/posts\/51829","targetHints":{"allow":["GET"]}}],"collection":[{"href":"https:\/\/linitiative.ca\/International\/wp-json\/wp\/v2\/posts"}],"about":[{"href":"https:\/\/linitiative.ca\/International\/wp-json\/wp\/v2\/types\/post"}],"author":[{"embeddable":true,"href":"https:\/\/linitiative.ca\/International\/wp-json\/wp\/v2\/users\/1787"}],"replies":[{"embeddable":true,"href":"https:\/\/linitiative.ca\/International\/wp-json\/wp\/v2\/comments?post=51829"}],"version-history":[{"count":0,"href":"https:\/\/linitiative.ca\/International\/wp-json\/wp\/v2\/posts\/51829\/revisions"}],"wp:featuredmedia":[{"embeddable":true,"href":"https:\/\/linitiative.ca\/International\/wp-json\/"}],"wp:attachment":[{"href":"https:\/\/linitiative.ca\/International\/wp-json\/wp\/v2\/media?parent=51829"}],"wp:term":[{"taxonomy":"category","embeddable":true,"href":"https:\/\/linitiative.ca\/International\/wp-json\/wp\/v2\/categories?post=51829"},{"taxonomy":"post_tag","embeddable":true,"href":"https:\/\/linitiative.ca\/International\/wp-json\/wp\/v2\/tags?post=51829"}],"curies":[{"name":"wp","href":"https:\/\/api.w.org\/{rel}","templated":true}]}}