{"id":51831,"date":"2019-08-15T09:35:46","date_gmt":"2019-08-15T13:35:46","guid":{"rendered":"https:\/\/linitiative.ca\/International\/frmf-un-double-objectif-pour-vahid-halilhodzic\/"},"modified":"2019-08-15T09:35:46","modified_gmt":"2019-08-15T13:35:46","slug":"frmf-un-double-objectif-pour-vahid-halilhodzic","status":"publish","type":"post","link":"https:\/\/linitiative.ca\/International\/frmf-un-double-objectif-pour-vahid-halilhodzic\/","title":{"rendered":"FRMF : Un double objectif pour Vahid Halilhodzic"},"content":{"rendered":"<p><strong>La F\u00e9d\u00e9ration royale marocaine de football (FRMF) a enfin tranch\u00e9 quant \u00e0 la d\u00e9signation du successeur d\u2019Herv\u00e9 Renard.<\/strong><\/p>\n<div class=\"c10\"\/>\n<p>C\u2019est finalement le Franco-bosniaque <strong>Vahid Halilhodzic<\/strong> qui prendra les r\u00eanes des Lions de l\u2019Atlas. La FRMF vient de signer avec l\u2019ancien entra\u00eeneur du Raja de Casablanca un contrat de 4 ans.<\/p>\n<p>Le nouveau s\u00e9lectionneur national aura pour objectif de qualifier les Lions de l\u2019Atlas \u00e0 la demi-finale de la prochaine Coupe d\u2019Afrique des nations (CAN), pr\u00e9vue en 2021 au Cameroun et \u00e0 la Coupe du monde 2022 au Qatar, a annonc\u00e9 jeudi le pr\u00e9sident de la <strong>FRMF<\/strong>, Fouzi Lekjaa, lors d\u2019un point de presse consacr\u00e9 \u00e0 la pr\u00e9sentation du nouvel entra\u00eeneur.<\/p>\n<p>Lire aussi : <a href=\"https:\/\/www.challenge.ma\/halilhodzic-arrive-au-maroc-pour-rebondir-a-la-tete-des-lions-de-latlas-114760\/\">Halilhodzic arrive au Maroc pour rebondir \u00e0 la t\u00eate des Lions de l\u2019Atlas<\/a><\/p>\n<p>Halilhodzic succ\u00e8de au Fran\u00e7ais Herv\u00e9 Renard d\u00e9missionnaire en juillet dernier, apr\u00e8s 41 mois pass\u00e9s \u00e0 la t\u00eate du staff technique de l\u2019<strong>\u00c9quipe nationale A.\u00a0<\/strong><\/p>\n<div class=\"c17\">\n<fieldset class=\"c16\">\n<legend><strong><span class=\"c11\">Challenge<\/span><span class=\"c12\">news<\/span><\/strong><\/legend>\n<div class=\"c15\">Le meilleur de la r\u00e9daction s\u00e9lectionn\u00e9 par Challenge :<\/p>\n<\/div>\n<\/fieldset>\n<\/div>\n<p>Auteur: Hassan Manyani<br \/>\n<a href=\"https:\/\/www.challenge.ma\/frmf-un-double-objectif-pour-vahid-halilhodzic-115549\/\">Cliquez ici pour lire l&rsquo;article depuis sa source.<\/a><\/p>\n","protected":false},"excerpt":{"rendered":"<p>La F\u00e9d\u00e9ration royale marocaine de football (FRMF) a enfin tranch\u00e9 quant \u00e0 la d\u00e9signation du successeur d\u2019Herv\u00e9 Renard. C\u2019est finalement le Franco-bosniaque Vahid Halilhodzic qui prendra les r\u00eanes des Lions de l\u2019Atlas. La FRMF vient de signer avec l\u2019ancien entra\u00eeneur du Raja de Casablanca un contrat de 4 ans. Le nouveau s\u00e9lectionneur national aura pour [&hellip;]<\/p>\n","protected":false},"author":1787,"featured_media":0,"comment_status":"closed","ping_status":"closed","sticky":false,"template":"","format":"standard","meta":{"fifu_image_url":"","fifu_image_alt":"","footnotes":""},"categories":[78,54],"tags":[],"class_list":["post-51831","post","type-post","status-publish","format-standard","hentry","category-economie","category-maroc"],"_links":{"self":[{"href":"https:\/\/linitiative.ca\/International\/wp-json\/wp\/v2\/posts\/51831","targetHints":{"allow":["GET"]}}],"collection":[{"href":"https:\/\/linitiative.ca\/International\/wp-json\/wp\/v2\/posts"}],"about":[{"href":"https:\/\/linitiative.ca\/International\/wp-json\/wp\/v2\/types\/post"}],"author":[{"embeddable":true,"href":"https:\/\/linitiative.ca\/International\/wp-json\/wp\/v2\/users\/1787"}],"replies":[{"embeddable":true,"href":"https:\/\/linitiative.ca\/International\/wp-json\/wp\/v2\/comments?post=51831"}],"version-history":[{"count":0,"href":"https:\/\/linitiative.ca\/International\/wp-json\/wp\/v2\/posts\/51831\/revisions"}],"wp:attachment":[{"href":"https:\/\/linitiative.ca\/International\/wp-json\/wp\/v2\/media?parent=51831"}],"wp:term":[{"taxonomy":"category","embeddable":true,"href":"https:\/\/linitiative.ca\/International\/wp-json\/wp\/v2\/categories?post=51831"},{"taxonomy":"post_tag","embeddable":true,"href":"https:\/\/linitiative.ca\/International\/wp-json\/wp\/v2\/tags?post=51831"}],"curies":[{"name":"wp","href":"https:\/\/api.w.org\/{rel}","templated":true}]}}