{"id":51833,"date":"2019-08-15T14:50:42","date_gmt":"2019-08-15T18:50:42","guid":{"rendered":"https:\/\/linitiative.ca\/International\/les-pelerins-marocains-de-retour-au-royaume-a-partir-de-ce-vendredi\/"},"modified":"2019-08-15T14:50:42","modified_gmt":"2019-08-15T18:50:42","slug":"les-pelerins-marocains-de-retour-au-royaume-a-partir-de-ce-vendredi","status":"publish","type":"post","link":"https:\/\/linitiative.ca\/International\/les-pelerins-marocains-de-retour-au-royaume-a-partir-de-ce-vendredi\/","title":{"rendered":"Les p\u00e8lerins marocains de retour au Royaume \u00e0 partir de ce vendredi"},"content":{"rendered":"<p><strong>Les p\u00e8lerins marocains ayant achev\u00e9 mercredi les rites du Hajj seront de retour au Maroc \u00e0 partir de ce vendredi 16 ao\u00fbt, apprend-on aupr\u00e8s de la d\u00e9l\u00e9gation officielle marocaine pour le p\u00e8lerinage.<\/strong><\/p>\n<div class=\"c10\"\/>\n<p>Le premier groupe des p\u00e8lerins marocains qui vont faire le retour au Maroc sera r\u00e9parti en trois vols, le premier \u00e0 destination de Rabat alors que les deux autres mettront le cap sur Casablanca, pr\u00e9cise la m\u00eame source.<\/p>\n<p>Le secr\u00e9taire d\u2019Etat charg\u00e9 du d\u00e9veloppement rural et des eaux et for\u00eats, Hamou Ouheli, qui conduit la d\u00e9l\u00e9gation officielle marocaine aux Lieux-Saint de l\u2019Islam, avait assur\u00e9 que les p\u00e8lerins marocains ont accompli les rites du hajj en toute qui\u00e9tude et s\u00e9r\u00e9nit\u00e9 et dans des conditions tr\u00e8s normales.<\/p>\n<p>Le nombre des p\u00e8lerins marocains cette ann\u00e9e est estim\u00e9 \u00e0 environ 32.000 p\u00e8lerins, dont 22.000 de l\u2019organisation officielle et 10.000 inscrits dans les agences de voyage.<\/p>\n<p>Selon les autorit\u00e9s saoudiennes, le nombre des p\u00e8lerins au titre du Hajj 1440 aurait atteint 2.489.406, dont 1.855.000 p\u00e8lerins de l\u2019\u00e9tranger.<\/p>\n<div class=\"c17\">\n<fieldset class=\"c16\">\n<legend><strong><span class=\"c11\">Challenge<\/span><span class=\"c12\">news<\/span><\/strong><\/legend>\n<div class=\"c15\">Le meilleur de la r\u00e9daction s\u00e9lectionn\u00e9 par Challenge :<\/p>\n<\/div>\n<\/fieldset>\n<\/div>\n<p>Auteur: challenge<br \/>\n<a href=\"https:\/\/www.challenge.ma\/les-pelerins-marocains-de-retour-au-royaume-ce-vendredi-115540\/\">Cliquez ici pour lire l&rsquo;article depuis sa source.<\/a><\/p>\n","protected":false},"excerpt":{"rendered":"<p>Les p\u00e8lerins marocains ayant achev\u00e9 mercredi les rites du Hajj seront de retour au Maroc \u00e0 partir de ce vendredi 16 ao\u00fbt, apprend-on aupr\u00e8s de la d\u00e9l\u00e9gation officielle marocaine pour le p\u00e8lerinage. Le premier groupe des p\u00e8lerins marocains qui vont faire le retour au Maroc sera r\u00e9parti en trois vols, le premier \u00e0 destination de [&hellip;]<\/p>\n","protected":false},"author":1787,"featured_media":0,"comment_status":"closed","ping_status":"closed","sticky":false,"template":"","format":"standard","meta":{"fifu_image_url":"","fifu_image_alt":"","footnotes":""},"categories":[78,54],"tags":[],"class_list":["post-51833","post","type-post","status-publish","format-standard","hentry","category-economie","category-maroc"],"_links":{"self":[{"href":"https:\/\/linitiative.ca\/International\/wp-json\/wp\/v2\/posts\/51833","targetHints":{"allow":["GET"]}}],"collection":[{"href":"https:\/\/linitiative.ca\/International\/wp-json\/wp\/v2\/posts"}],"about":[{"href":"https:\/\/linitiative.ca\/International\/wp-json\/wp\/v2\/types\/post"}],"author":[{"embeddable":true,"href":"https:\/\/linitiative.ca\/International\/wp-json\/wp\/v2\/users\/1787"}],"replies":[{"embeddable":true,"href":"https:\/\/linitiative.ca\/International\/wp-json\/wp\/v2\/comments?post=51833"}],"version-history":[{"count":0,"href":"https:\/\/linitiative.ca\/International\/wp-json\/wp\/v2\/posts\/51833\/revisions"}],"wp:attachment":[{"href":"https:\/\/linitiative.ca\/International\/wp-json\/wp\/v2\/media?parent=51833"}],"wp:term":[{"taxonomy":"category","embeddable":true,"href":"https:\/\/linitiative.ca\/International\/wp-json\/wp\/v2\/categories?post=51833"},{"taxonomy":"post_tag","embeddable":true,"href":"https:\/\/linitiative.ca\/International\/wp-json\/wp\/v2\/tags?post=51833"}],"curies":[{"name":"wp","href":"https:\/\/api.w.org\/{rel}","templated":true}]}}