{"id":51836,"date":"2019-08-15T10:45:54","date_gmt":"2019-08-15T14:45:54","guid":{"rendered":"https:\/\/linitiative.ca\/International\/tunisie-jemmal-un-citoyen-porte-plainte-contre-un-candidat-a-la-presidentielle-qui-a-utilise-illegalement-son-nom-pour-son-parrainage\/"},"modified":"2019-08-15T10:45:54","modified_gmt":"2019-08-15T14:45:54","slug":"tunisie-jemmal-un-citoyen-porte-plainte-contre-un-candidat-a-la-presidentielle-qui-a-utilise-illegalement-son-nom-pour-son-parrainage","status":"publish","type":"post","link":"https:\/\/linitiative.ca\/International\/tunisie-jemmal-un-citoyen-porte-plainte-contre-un-candidat-a-la-presidentielle-qui-a-utilise-illegalement-son-nom-pour-son-parrainage\/","title":{"rendered":"Tunisie \u2013 Jemmal\u00a0: Un citoyen porte plainte contre un candidat \u00e0 la pr\u00e9sidentielle qui a utilis\u00e9 ill\u00e9galement son nom pour son parrainage"},"content":{"rendered":"<div class=\"post-cont-in left relative\">\n<div class=\"swp_social_panel swp_horizontal_panel swp_flat_fresh swp_default_full_color swp_individual_full_color swp_other_full_color scale-100 scale-\" data-min-width=\"1100\" data-float-color=\"#ffffff\" data-float=\"none\" data-float-mobile=\"none\" data-transition=\"slide\">\n<div class=\"nc_tweetContainer swp_share_button total_shares total_sharesalt\"><span class=\"swp_count\">207 <span class=\"swp_label\">Partages<\/span><\/span><\/div>\n<\/div>\n<p>Le porte-parole des tribunaux de Monastir a annonc\u00e9, ce jeudi, que le parquet de Monastir a ouvert une enqu\u00eate judiciaire dont il a charg\u00e9 la brigade de\u00a0 la police judiciaire \u00e0 Jemmal. Et ce, suite \u00e0 la plainte d\u00e9pos\u00e9e par un citoyen de la ville qui a d\u00e9clar\u00e9 avoir trouv\u00e9 son nom parmi les personnes ayant parrain\u00e9 un candidat aux pr\u00e9sidentielles, sans qu\u2019il en soit au courant.<\/p>\n<div class=\"mvp-org-wrap mvp-org-logo\" itemprop=\"publisher\" itemscope=\"\" itemtype=\"https:\/\/schema.org\/Organization\"><img decoding=\"async\" src=\"https:\/\/www.tunisienumerique.com\/wp-content\/uploads\/2017\/02\/logo_tunisie_numerique.png\"\/><\/div>\n<div class=\"swp_social_panel swp_horizontal_panel swp_flat_fresh swp_default_full_color swp_individual_full_color swp_other_full_color scale-100 scale-\" data-min-width=\"1100\" data-float-color=\"#ffffff\" data-float=\"none\" data-float-mobile=\"none\" data-transition=\"slide\">\n<div class=\"nc_tweetContainer swp_share_button total_shares total_sharesalt\"><span class=\"swp_count\">207 <span class=\"swp_label\">Partages<\/span><\/span><\/div>\n<\/div>\n<div class=\"mvp-related-posts left relative\">\n<h4 class=\"post-header\"><span class=\"post-header\">Lire aussi<\/span><\/h4>\n<\/div>\n<\/div>\n<p>Auteur: LM<br \/>\n<a href=\"https:\/\/www.tunisienumerique.com\/tunisie-jemmal-un-citoyen-porte-plainte-contre-un-candidat-a-la-presidentielle-qui-a-utilise-illegalement-son-nom-pour-son-parrainage\/\">Cliquez ici pour lire l&rsquo;article depuis sa source.<\/a><\/p>\n","protected":false},"excerpt":{"rendered":"<p>207 Partages Le porte-parole des tribunaux de Monastir a annonc\u00e9, ce jeudi, que le parquet de Monastir a ouvert une enqu\u00eate judiciaire dont il a charg\u00e9 la brigade de\u00a0 la police judiciaire \u00e0 Jemmal. Et ce, suite \u00e0 la plainte d\u00e9pos\u00e9e par un citoyen de la ville qui a d\u00e9clar\u00e9 avoir trouv\u00e9 son nom parmi [&hellip;]<\/p>\n","protected":false},"author":1789,"featured_media":51837,"comment_status":"closed","ping_status":"closed","sticky":false,"template":"","format":"standard","meta":{"fifu_image_url":"","fifu_image_alt":"","footnotes":""},"categories":[73,55],"tags":[],"class_list":["post-51836","post","type-post","status-publish","format-standard","has-post-thumbnail","hentry","category-actualite","category-tunisie"],"_links":{"self":[{"href":"https:\/\/linitiative.ca\/International\/wp-json\/wp\/v2\/posts\/51836","targetHints":{"allow":["GET"]}}],"collection":[{"href":"https:\/\/linitiative.ca\/International\/wp-json\/wp\/v2\/posts"}],"about":[{"href":"https:\/\/linitiative.ca\/International\/wp-json\/wp\/v2\/types\/post"}],"author":[{"embeddable":true,"href":"https:\/\/linitiative.ca\/International\/wp-json\/wp\/v2\/users\/1789"}],"replies":[{"embeddable":true,"href":"https:\/\/linitiative.ca\/International\/wp-json\/wp\/v2\/comments?post=51836"}],"version-history":[{"count":0,"href":"https:\/\/linitiative.ca\/International\/wp-json\/wp\/v2\/posts\/51836\/revisions"}],"wp:featuredmedia":[{"embeddable":true,"href":"https:\/\/linitiative.ca\/International\/wp-json\/"}],"wp:attachment":[{"href":"https:\/\/linitiative.ca\/International\/wp-json\/wp\/v2\/media?parent=51836"}],"wp:term":[{"taxonomy":"category","embeddable":true,"href":"https:\/\/linitiative.ca\/International\/wp-json\/wp\/v2\/categories?post=51836"},{"taxonomy":"post_tag","embeddable":true,"href":"https:\/\/linitiative.ca\/International\/wp-json\/wp\/v2\/tags?post=51836"}],"curies":[{"name":"wp","href":"https:\/\/api.w.org\/{rel}","templated":true}]}}