{"id":51840,"date":"2019-08-15T10:59:21","date_gmt":"2019-08-15T14:59:21","guid":{"rendered":"https:\/\/linitiative.ca\/International\/tunisie-une-octogenaire-trouvee-morte-dans-le-bassin-de-la-marina-de-yasmine-hammamet\/"},"modified":"2019-08-15T10:59:21","modified_gmt":"2019-08-15T14:59:21","slug":"tunisie-une-octogenaire-trouvee-morte-dans-le-bassin-de-la-marina-de-yasmine-hammamet","status":"publish","type":"post","link":"https:\/\/linitiative.ca\/International\/tunisie-une-octogenaire-trouvee-morte-dans-le-bassin-de-la-marina-de-yasmine-hammamet\/","title":{"rendered":"Tunisie \u2013 Une octog\u00e9naire trouv\u00e9e morte dans le bassin de la Marina de Yasmine Hammamet"},"content":{"rendered":"<div class=\"post-cont-in left relative\">\n<div class=\"swp_social_panel swp_horizontal_panel swp_flat_fresh swp_default_full_color swp_individual_full_color swp_other_full_color scale-100 scale-\" data-min-width=\"1100\" data-float-color=\"#ffffff\" data-float=\"none\" data-float-mobile=\"none\" data-transition=\"slide\">\n<div class=\"nc_tweetContainer swp_share_button total_shares total_sharesalt\"><span class=\"swp_count\">28 <span class=\"swp_label\">Partages<\/span><\/span><\/div>\n<\/div>\n<p>Des citoyens ont retrouv\u00e9, mercredi, le cadavre d\u2019une femme flottant dans les eaux du bassin de la Marina de Yasmine Hammamet.<\/p>\n<p>Il s\u2019agissait d\u2019une octog\u00e9naire originaire de Hammam Lif.<\/p>\n<div class=\"code-block code-block-1 c3\"><ins class=\"adsbygoogle c2\" data-ad-layout=\"in-article\" data-ad-format=\"fluid\" data-ad-client=\"ca-pub-2102118777505746\" data-ad-slot=\"7301775417\"\/> <\/div>\n<p>La d\u00e9pouille a \u00e9t\u00e9 transport\u00e9e \u00e0 l\u2019h\u00f4pital de Nabeul, pour y \u00eatre autopsi\u00e9e et d\u00e9terminer les causes exactes du d\u00e9c\u00e8s.<\/p>\n<div class=\"mvp-org-wrap mvp-org-logo\" itemprop=\"publisher\" itemscope=\"\" itemtype=\"https:\/\/schema.org\/Organization\"><img decoding=\"async\" src=\"https:\/\/www.tunisienumerique.com\/wp-content\/uploads\/2017\/02\/logo_tunisie_numerique.png\"\/><\/div>\n<div class=\"swp_social_panel swp_horizontal_panel swp_flat_fresh swp_default_full_color swp_individual_full_color swp_other_full_color scale-100 scale-\" data-min-width=\"1100\" data-float-color=\"#ffffff\" data-float=\"none\" data-float-mobile=\"none\" data-transition=\"slide\">\n<div class=\"nc_tweetContainer swp_share_button total_shares total_sharesalt\"><span class=\"swp_count\">28 <span class=\"swp_label\">Partages<\/span><\/span><\/div>\n<\/div>\n<div class=\"mvp-related-posts left relative\">\n<h4 class=\"post-header\"><span class=\"post-header\">Lire aussi<\/span><\/h4>\n<\/div>\n<\/div>\n<p>Auteur: LM<br \/>\n<a href=\"https:\/\/www.tunisienumerique.com\/tunisie-une-octogenaire-trouvee-morte-dans-le-bassin-de-la-marina-de-yasmine-hammamet\/\">Cliquez ici pour lire l&rsquo;article depuis sa source.<\/a><\/p>\n","protected":false},"excerpt":{"rendered":"<p>28 Partages Des citoyens ont retrouv\u00e9, mercredi, le cadavre d\u2019une femme flottant dans les eaux du bassin de la Marina de Yasmine Hammamet. Il s\u2019agissait d\u2019une octog\u00e9naire originaire de Hammam Lif. La d\u00e9pouille a \u00e9t\u00e9 transport\u00e9e \u00e0 l\u2019h\u00f4pital de Nabeul, pour y \u00eatre autopsi\u00e9e et d\u00e9terminer les causes exactes du d\u00e9c\u00e8s. 28 Partages Lire aussi [&hellip;]<\/p>\n","protected":false},"author":1789,"featured_media":51841,"comment_status":"closed","ping_status":"closed","sticky":false,"template":"","format":"standard","meta":{"fifu_image_url":"","fifu_image_alt":"","footnotes":""},"categories":[73,55],"tags":[],"class_list":["post-51840","post","type-post","status-publish","format-standard","has-post-thumbnail","hentry","category-actualite","category-tunisie"],"_links":{"self":[{"href":"https:\/\/linitiative.ca\/International\/wp-json\/wp\/v2\/posts\/51840","targetHints":{"allow":["GET"]}}],"collection":[{"href":"https:\/\/linitiative.ca\/International\/wp-json\/wp\/v2\/posts"}],"about":[{"href":"https:\/\/linitiative.ca\/International\/wp-json\/wp\/v2\/types\/post"}],"author":[{"embeddable":true,"href":"https:\/\/linitiative.ca\/International\/wp-json\/wp\/v2\/users\/1789"}],"replies":[{"embeddable":true,"href":"https:\/\/linitiative.ca\/International\/wp-json\/wp\/v2\/comments?post=51840"}],"version-history":[{"count":0,"href":"https:\/\/linitiative.ca\/International\/wp-json\/wp\/v2\/posts\/51840\/revisions"}],"wp:featuredmedia":[{"embeddable":true,"href":"https:\/\/linitiative.ca\/International\/wp-json\/"}],"wp:attachment":[{"href":"https:\/\/linitiative.ca\/International\/wp-json\/wp\/v2\/media?parent=51840"}],"wp:term":[{"taxonomy":"category","embeddable":true,"href":"https:\/\/linitiative.ca\/International\/wp-json\/wp\/v2\/categories?post=51840"},{"taxonomy":"post_tag","embeddable":true,"href":"https:\/\/linitiative.ca\/International\/wp-json\/wp\/v2\/tags?post=51840"}],"curies":[{"name":"wp","href":"https:\/\/api.w.org\/{rel}","templated":true}]}}