{"id":51844,"date":"2019-08-15T11:14:33","date_gmt":"2019-08-15T15:14:33","guid":{"rendered":"https:\/\/linitiative.ca\/International\/tunisie-la-moitie-des-familles-nont-pas-achete-le-mouton-de-laid\/"},"modified":"2019-08-15T11:14:33","modified_gmt":"2019-08-15T15:14:33","slug":"tunisie-la-moitie-des-familles-nont-pas-achete-le-mouton-de-laid","status":"publish","type":"post","link":"https:\/\/linitiative.ca\/International\/tunisie-la-moitie-des-familles-nont-pas-achete-le-mouton-de-laid\/","title":{"rendered":"Tunisie \u2013 La moiti\u00e9 des familles n\u2019ont pas achet\u00e9 le mouton de l\u2019A\u00efd"},"content":{"rendered":"<div class=\"post-cont-in left relative\">\n<div class=\"swp_social_panel swp_horizontal_panel swp_flat_fresh swp_default_full_color swp_individual_full_color swp_other_full_color scale-100 scale-\" data-min-width=\"1100\" data-float-color=\"#ffffff\" data-float=\"none\" data-float-mobile=\"none\" data-transition=\"slide\">\n<div class=\"nc_tweetContainer swp_share_button total_shares total_sharesalt\"><span class=\"swp_count\">166 <span class=\"swp_label\">Partages<\/span><\/span><\/div>\n<\/div>\n<p>Le pr\u00e9sident de l\u2019organisation de l\u2019information du consommateur, Lotfi Riahi a annonc\u00e9, ce jeudi \u00e0 la presse, que plus de la moiti\u00e9 des familles tunisiens n\u2019ont pas achet\u00e9 de mouton cet A\u00efd. Et ce\u00a0\u00e0 cause\u00a0des prix exorbitants et\u00a0de\u00a0de crise financi\u00e8re.<\/p>\n<p>Il a ajout\u00e9 que les points de vente sont rest\u00e9s\u00a0remplis de moutons jusqu\u2019\u00e0 tard la veille de l\u2019A\u00efd.<\/p>\n<div class=\"code-block code-block-1 c3\"><ins class=\"adsbygoogle c2\" data-ad-layout=\"in-article\" data-ad-format=\"fluid\" data-ad-client=\"ca-pub-2102118777505746\" data-ad-slot=\"7301775417\"\/> <\/div>\n<div class=\"mvp-org-wrap mvp-org-logo\" itemprop=\"publisher\" itemscope=\"\" itemtype=\"https:\/\/schema.org\/Organization\"><img decoding=\"async\" src=\"https:\/\/www.tunisienumerique.com\/wp-content\/uploads\/2017\/02\/logo_tunisie_numerique.png\"\/><\/div>\n<div class=\"swp_social_panel swp_horizontal_panel swp_flat_fresh swp_default_full_color swp_individual_full_color swp_other_full_color scale-100 scale-\" data-min-width=\"1100\" data-float-color=\"#ffffff\" data-float=\"none\" data-float-mobile=\"none\" data-transition=\"slide\">\n<div class=\"nc_tweetContainer swp_share_button total_shares total_sharesalt\"><span class=\"swp_count\">166 <span class=\"swp_label\">Partages<\/span><\/span><\/div>\n<\/div>\n<div class=\"mvp-related-posts left relative\">\n<h4 class=\"post-header\"><span class=\"post-header\">Lire aussi<\/span><\/h4>\n<\/div>\n<\/div>\n<p>Auteur: LM<br \/>\n<a href=\"https:\/\/www.tunisienumerique.com\/tunisie-la-moitie-des-familles-nont-pas-achete-le-mouton-de-laid\/\">Cliquez ici pour lire l&rsquo;article depuis sa source.<\/a><\/p>\n","protected":false},"excerpt":{"rendered":"<p>166 Partages Le pr\u00e9sident de l\u2019organisation de l\u2019information du consommateur, Lotfi Riahi a annonc\u00e9, ce jeudi \u00e0 la presse, que plus de la moiti\u00e9 des familles tunisiens n\u2019ont pas achet\u00e9 de mouton cet A\u00efd. Et ce\u00a0\u00e0 cause\u00a0des prix exorbitants et\u00a0de\u00a0de crise financi\u00e8re. Il a ajout\u00e9 que les points de vente sont rest\u00e9s\u00a0remplis de moutons jusqu\u2019\u00e0 [&hellip;]<\/p>\n","protected":false},"author":1789,"featured_media":51845,"comment_status":"closed","ping_status":"closed","sticky":false,"template":"","format":"standard","meta":{"fifu_image_url":"","fifu_image_alt":"","footnotes":""},"categories":[73,55],"tags":[],"class_list":["post-51844","post","type-post","status-publish","format-standard","has-post-thumbnail","hentry","category-actualite","category-tunisie"],"_links":{"self":[{"href":"https:\/\/linitiative.ca\/International\/wp-json\/wp\/v2\/posts\/51844","targetHints":{"allow":["GET"]}}],"collection":[{"href":"https:\/\/linitiative.ca\/International\/wp-json\/wp\/v2\/posts"}],"about":[{"href":"https:\/\/linitiative.ca\/International\/wp-json\/wp\/v2\/types\/post"}],"author":[{"embeddable":true,"href":"https:\/\/linitiative.ca\/International\/wp-json\/wp\/v2\/users\/1789"}],"replies":[{"embeddable":true,"href":"https:\/\/linitiative.ca\/International\/wp-json\/wp\/v2\/comments?post=51844"}],"version-history":[{"count":0,"href":"https:\/\/linitiative.ca\/International\/wp-json\/wp\/v2\/posts\/51844\/revisions"}],"wp:featuredmedia":[{"embeddable":true,"href":"https:\/\/linitiative.ca\/International\/wp-json\/"}],"wp:attachment":[{"href":"https:\/\/linitiative.ca\/International\/wp-json\/wp\/v2\/media?parent=51844"}],"wp:term":[{"taxonomy":"category","embeddable":true,"href":"https:\/\/linitiative.ca\/International\/wp-json\/wp\/v2\/categories?post=51844"},{"taxonomy":"post_tag","embeddable":true,"href":"https:\/\/linitiative.ca\/International\/wp-json\/wp\/v2\/tags?post=51844"}],"curies":[{"name":"wp","href":"https:\/\/api.w.org\/{rel}","templated":true}]}}