{"id":51850,"date":"2019-08-15T12:39:03","date_gmt":"2019-08-15T16:39:03","guid":{"rendered":"https:\/\/linitiative.ca\/International\/tunisie-le-maire-de-la-cite-ennasr-peut-et-doit-mieux-faire\/"},"modified":"2019-08-15T12:39:03","modified_gmt":"2019-08-15T16:39:03","slug":"tunisie-le-maire-de-la-cite-ennasr-peut-et-doit-mieux-faire","status":"publish","type":"post","link":"https:\/\/linitiative.ca\/International\/tunisie-le-maire-de-la-cite-ennasr-peut-et-doit-mieux-faire\/","title":{"rendered":"Tunisie \u2013 Le maire de la Cit\u00e9 Ennasr\u00a0: Peut (et doit) mieux faire"},"content":{"rendered":"<div class=\"post-cont-in left relative\">\n<div class=\"swp_social_panel swp_horizontal_panel swp_flat_fresh swp_default_full_color swp_individual_full_color swp_other_full_color scale-100 scale-\" data-min-width=\"1100\" data-float-color=\"#ffffff\" data-float=\"none\" data-float-mobile=\"none\" data-transition=\"slide\">\n<div class=\"nc_tweetContainer swp_share_button total_shares total_sharesalt\"><span class=\"swp_count\">26 <span class=\"swp_label\">Partages<\/span><\/span><\/div>\n<\/div>\n<p>Le pr\u00e9sident du conseil municipal d\u2019Ennasr, \u00e0 l\u2019Ariana, et \u00e0 l\u2019instar de nombreuses personnalit\u00e9s en manque, et en qu\u00eate perp\u00e9tuelle, de visibilit\u00e9, a, semble-t-il, d\u00e9laiss\u00e9 son travail pour lequel il dit avoir \u00e9t\u00e9 \u00e9lu, pour consacrer le plus clair de son temps \u00e0 triturer le clavier de son ordinateur, voire de son smartphone, pour faire l\u2019\u00e9talage de d\u00e9cisions ou de r\u00e9alisations qu\u2019il est le seul \u00e0 avoir remarqu\u00e9.<\/p>\n<p>M\u00eame quant il fait semblant d\u2019op\u00e9rer une rafle sur les locaux commerciaux de l\u2019Avenue H\u00e9di Nouira, ses actions ne d\u00e9passent pas la lev\u00e9e de quelques chaises et quelques tables, qu\u2019il fait emmener \u00e0 la fourri\u00e8re, o\u00f9 leurs propri\u00e9taires vont les rechercher, juste apr\u00e8s. Mais jusqu\u2019\u00e0 l\u00e0, l\u2019id\u00e9e de reculer vers la fameuse ligne jaune qu\u2019il a fait peindre sur les trottoirs, n\u2019a effleur\u00e9 l\u2019esprit d\u2019aucun g\u00e9rant de commerce.<\/p>\n<div class=\"code-block code-block-1 c3\"><ins class=\"adsbygoogle c2\" data-ad-layout=\"in-article\" data-ad-format=\"fluid\" data-ad-client=\"ca-pub-2102118777505746\" data-ad-slot=\"7301775417\"\/> <\/div>\n<p>Sur un autre plan, et en cette p\u00e9riode de pointe et de pression sur les services de l\u2019Etat civil des municipalit\u00e9s, o\u00f9 les citoyens affluent, qui pour retirer des documents, et qui pour faire l\u00e9galiser une signature, Mr le maire ferait bien d\u2019aller faire un petit tour du c\u00f4t\u00e9 de ce service, l\u00e2ch\u00e9 \u00e0 des \u00ab\u00a0interm\u00e9diaires\u00a0\u00bb qui y s\u00e9vissent et qui interviennent pour faire passer en priorit\u00e9, et au d\u00e9triment des citoyens qui attendent leur tour, les gens qui sont recommand\u00e9s ou qui paient les services de ces rabatteurs. Ce qui ne cesse de cr\u00e9er des tensions, et parfois, des querelles, entre les citoyens, devant l\u2019indiff\u00e9rence totale et provocatrice des pr\u00e9pos\u00e9s.<\/p>\n<p>Un appel est lanc\u00e9, ici, \u00e0 Mr le b\u00e2tonnier Mohamed Fadhel Ben Moussa, le maire de l\u2019Ariana dont d\u00e9pend, entre autres, l\u2019arrondissement d\u2019Ennasr. Me Ben Moussa, tel que tout le monde connait, ne permettrait, certainement pas de tels agissements et de tels d\u00e9passements, et il rappellerait, certainement, \u00e0 l\u2019ordre ses pr\u00e9sidents d\u2019arrondissements, pour qu\u2019ils abandonnent, un tant soi peu, leurs claviers, pour se soucier des services qu\u2019ils sont appel\u00e9s \u00e0 rendre \u00e0 leurs administr\u00e9s.<\/p>\n<div class=\"mvp-org-wrap mvp-org-logo\" itemprop=\"publisher\" itemscope=\"\" itemtype=\"https:\/\/schema.org\/Organization\"><img decoding=\"async\" src=\"https:\/\/www.tunisienumerique.com\/wp-content\/uploads\/2017\/02\/logo_tunisie_numerique.png\"\/><\/div>\n<div class=\"swp_social_panel swp_horizontal_panel swp_flat_fresh swp_default_full_color swp_individual_full_color swp_other_full_color scale-100 scale-\" data-min-width=\"1100\" data-float-color=\"#ffffff\" data-float=\"none\" data-float-mobile=\"none\" data-transition=\"slide\">\n<div class=\"nc_tweetContainer swp_share_button total_shares total_sharesalt\"><span class=\"swp_count\">26 <span class=\"swp_label\">Partages<\/span><\/span><\/div>\n<\/div>\n<div class=\"mvp-related-posts left relative\">\n<h4 class=\"post-header\"><span class=\"post-header\">Lire aussi<\/span><\/h4>\n<\/div>\n<\/div>\n<p>Auteur: Saber .<br \/>\n<a href=\"https:\/\/www.tunisienumerique.com\/tunisie-le-maire-de-la-cite-ennasr-peut-et-doit-mieux-faire\/\">Cliquez ici pour lire l&rsquo;article depuis sa source.<\/a><\/p>\n","protected":false},"excerpt":{"rendered":"<p>26 Partages Le pr\u00e9sident du conseil municipal d\u2019Ennasr, \u00e0 l\u2019Ariana, et \u00e0 l\u2019instar de nombreuses personnalit\u00e9s en manque, et en qu\u00eate perp\u00e9tuelle, de visibilit\u00e9, a, semble-t-il, d\u00e9laiss\u00e9 son travail pour lequel il dit avoir \u00e9t\u00e9 \u00e9lu, pour consacrer le plus clair de son temps \u00e0 triturer le clavier de son ordinateur, voire de son smartphone, [&hellip;]<\/p>\n","protected":false},"author":1789,"featured_media":51851,"comment_status":"closed","ping_status":"closed","sticky":false,"template":"","format":"standard","meta":{"fifu_image_url":"","fifu_image_alt":"","footnotes":""},"categories":[73,55],"tags":[],"class_list":["post-51850","post","type-post","status-publish","format-standard","has-post-thumbnail","hentry","category-actualite","category-tunisie"],"_links":{"self":[{"href":"https:\/\/linitiative.ca\/International\/wp-json\/wp\/v2\/posts\/51850","targetHints":{"allow":["GET"]}}],"collection":[{"href":"https:\/\/linitiative.ca\/International\/wp-json\/wp\/v2\/posts"}],"about":[{"href":"https:\/\/linitiative.ca\/International\/wp-json\/wp\/v2\/types\/post"}],"author":[{"embeddable":true,"href":"https:\/\/linitiative.ca\/International\/wp-json\/wp\/v2\/users\/1789"}],"replies":[{"embeddable":true,"href":"https:\/\/linitiative.ca\/International\/wp-json\/wp\/v2\/comments?post=51850"}],"version-history":[{"count":0,"href":"https:\/\/linitiative.ca\/International\/wp-json\/wp\/v2\/posts\/51850\/revisions"}],"wp:featuredmedia":[{"embeddable":true,"href":"https:\/\/linitiative.ca\/International\/wp-json\/"}],"wp:attachment":[{"href":"https:\/\/linitiative.ca\/International\/wp-json\/wp\/v2\/media?parent=51850"}],"wp:term":[{"taxonomy":"category","embeddable":true,"href":"https:\/\/linitiative.ca\/International\/wp-json\/wp\/v2\/categories?post=51850"},{"taxonomy":"post_tag","embeddable":true,"href":"https:\/\/linitiative.ca\/International\/wp-json\/wp\/v2\/tags?post=51850"}],"curies":[{"name":"wp","href":"https:\/\/api.w.org\/{rel}","templated":true}]}}