{"id":51852,"date":"2019-08-15T14:39:26","date_gmt":"2019-08-15T18:39:26","guid":{"rendered":"https:\/\/linitiative.ca\/International\/tunisie-reouverture-de-laeroport-de-tunis-carthage-aux-accompagnateurs-dans-quelques-jours\/"},"modified":"2019-08-15T14:39:26","modified_gmt":"2019-08-15T18:39:26","slug":"tunisie-reouverture-de-laeroport-de-tunis-carthage-aux-accompagnateurs-dans-quelques-jours","status":"publish","type":"post","link":"https:\/\/linitiative.ca\/International\/tunisie-reouverture-de-laeroport-de-tunis-carthage-aux-accompagnateurs-dans-quelques-jours\/","title":{"rendered":"Tunisie \u2013 R\u00e9ouverture de l\u2019a\u00e9roport de Tunis Carthage aux accompagnateurs dans quelques jours"},"content":{"rendered":"<div class=\"post-cont-in left relative\">\n<div class=\"swp_social_panel swp_horizontal_panel swp_flat_fresh swp_default_full_color swp_individual_full_color swp_other_full_color scale-100 scale-\" data-min-width=\"1100\" data-float-color=\"#ffffff\" data-float=\"none\" data-float-mobile=\"none\" data-transition=\"slide\">\n<div class=\"nc_tweetContainer swp_share_button total_shares total_sharesalt\"><span class=\"swp_count\">177 <span class=\"swp_label\">Partages<\/span><\/span><\/div>\n<\/div>\n<p>Le ministre des transports, Hichem Ben Ahmed a assur\u00e9, dans un entretien accord\u00e9 \u00e0 TunisieNumerique, qu\u2019une s\u00e9rie de r\u00e9unions ont \u00e9t\u00e9 organis\u00e9es entre ses services et ceux du minist\u00e8re de l\u2019int\u00e9rieur, afin de trouver une solution \u00e0 la situation actuelle \u00e0 l\u2019a\u00e9roport de Tunis Carthage, qui demeure interdit aux accompagnateurs et aux familles des voyageurs.<\/p>\n<p>Ben Ahmed a d\u00e9clar\u00e9 qu\u2019il \u00e9tait tout aussi soucieux de la s\u00e9curit\u00e9 des \u00e9tablissements relevant de son autorit\u00e9 et des usagers, que du confort et du bien-\u00eatre des voyageurs et de leurs familles.<\/p>\n<div class=\"code-block code-block-1 c3\"><ins class=\"adsbygoogle c2\" data-ad-layout=\"in-article\" data-ad-format=\"fluid\" data-ad-client=\"ca-pub-2102118777505746\" data-ad-slot=\"7301775417\"\/> <\/div>\n<p>Il a rappel\u00e9 que suite \u00e0 des \u00ab\u00a0menaces terroristes\u00a0\u00bb, des mesures de s\u00e9curit\u00e9 drastiques ont \u00e9t\u00e9 impos\u00e9es par le minist\u00e8re de l\u2019int\u00e9rieur. Mais entre-temps, de nombreuses r\u00e9unions ont eu lieu entre les d\u00e9partements de l\u2019int\u00e9rieur et des transports, afin de mettre en place un nouveau plan d\u2019action et de circulation, pour permettre, en m\u00eame temps, une s\u00e9curisation optimale de l\u2019a\u00e9roport, et un meilleur confort pour les voyageurs et leurs accompagnateurs.<\/p>\n<p>Ben Ahmed a assur\u00e9 que le nouveau plan a \u00e9t\u00e9 finalis\u00e9 par les services de l\u2019a\u00e9roport, conform\u00e9ment aux exigences s\u00e9curitaires, et que, normalement, l\u2019acc\u00e8s \u00e0 l\u2019a\u00e9roport pourrait \u00eatre possible aux accompagnateurs, d\u2019ici quelques jours, moyennant quelques contraintes sans grand d\u00e9rangement.<\/p>\n<div class=\"mvp-org-wrap mvp-org-logo\" itemprop=\"publisher\" itemscope=\"\" itemtype=\"https:\/\/schema.org\/Organization\"><img decoding=\"async\" src=\"https:\/\/www.tunisienumerique.com\/wp-content\/uploads\/2017\/02\/logo_tunisie_numerique.png\"\/><\/div>\n<div class=\"swp_social_panel swp_horizontal_panel swp_flat_fresh swp_default_full_color swp_individual_full_color swp_other_full_color scale-100 scale-\" data-min-width=\"1100\" data-float-color=\"#ffffff\" data-float=\"none\" data-float-mobile=\"none\" data-transition=\"slide\">\n<div class=\"nc_tweetContainer swp_share_button total_shares total_sharesalt\"><span class=\"swp_count\">177 <span class=\"swp_label\">Partages<\/span><\/span><\/div>\n<\/div>\n<div class=\"mvp-related-posts left relative\">\n<h4 class=\"post-header\"><span class=\"post-header\">Lire aussi<\/span><\/h4>\n<\/div>\n<\/div>\n<p>Auteur: LM<br \/>\n<a href=\"https:\/\/www.tunisienumerique.com\/tunisie-reouverture-de-laeroport-de-tunis-carthage-aux-accompagnateurs-dans-quelques-jours\/\">Cliquez ici pour lire l&rsquo;article depuis sa source.<\/a><\/p>\n","protected":false},"excerpt":{"rendered":"<p>177 Partages Le ministre des transports, Hichem Ben Ahmed a assur\u00e9, dans un entretien accord\u00e9 \u00e0 TunisieNumerique, qu\u2019une s\u00e9rie de r\u00e9unions ont \u00e9t\u00e9 organis\u00e9es entre ses services et ceux du minist\u00e8re de l\u2019int\u00e9rieur, afin de trouver une solution \u00e0 la situation actuelle \u00e0 l\u2019a\u00e9roport de Tunis Carthage, qui demeure interdit aux accompagnateurs et aux familles [&hellip;]<\/p>\n","protected":false},"author":1789,"featured_media":51853,"comment_status":"closed","ping_status":"closed","sticky":false,"template":"","format":"standard","meta":{"fifu_image_url":"","fifu_image_alt":"","footnotes":""},"categories":[73,55],"tags":[],"class_list":["post-51852","post","type-post","status-publish","format-standard","has-post-thumbnail","hentry","category-actualite","category-tunisie"],"_links":{"self":[{"href":"https:\/\/linitiative.ca\/International\/wp-json\/wp\/v2\/posts\/51852","targetHints":{"allow":["GET"]}}],"collection":[{"href":"https:\/\/linitiative.ca\/International\/wp-json\/wp\/v2\/posts"}],"about":[{"href":"https:\/\/linitiative.ca\/International\/wp-json\/wp\/v2\/types\/post"}],"author":[{"embeddable":true,"href":"https:\/\/linitiative.ca\/International\/wp-json\/wp\/v2\/users\/1789"}],"replies":[{"embeddable":true,"href":"https:\/\/linitiative.ca\/International\/wp-json\/wp\/v2\/comments?post=51852"}],"version-history":[{"count":0,"href":"https:\/\/linitiative.ca\/International\/wp-json\/wp\/v2\/posts\/51852\/revisions"}],"wp:featuredmedia":[{"embeddable":true,"href":"https:\/\/linitiative.ca\/International\/wp-json\/"}],"wp:attachment":[{"href":"https:\/\/linitiative.ca\/International\/wp-json\/wp\/v2\/media?parent=51852"}],"wp:term":[{"taxonomy":"category","embeddable":true,"href":"https:\/\/linitiative.ca\/International\/wp-json\/wp\/v2\/categories?post=51852"},{"taxonomy":"post_tag","embeddable":true,"href":"https:\/\/linitiative.ca\/International\/wp-json\/wp\/v2\/tags?post=51852"}],"curies":[{"name":"wp","href":"https:\/\/api.w.org\/{rel}","templated":true}]}}