{"id":51854,"date":"2019-08-15T16:09:22","date_gmt":"2019-08-15T20:09:22","guid":{"rendered":"https:\/\/linitiative.ca\/International\/75e-anniversaire-du-debarquement-en-provence\/"},"modified":"2019-08-15T16:09:22","modified_gmt":"2019-08-15T20:09:22","slug":"75e-anniversaire-du-debarquement-en-provence","status":"publish","type":"post","link":"https:\/\/linitiative.ca\/International\/75e-anniversaire-du-debarquement-en-provence\/","title":{"rendered":"75E ANNIVERSAIRE DU DEBARQUEMENT EN PROVENCE"},"content":{"rendered":"<div class=\"stream-item stream-item-above-post-content\">\n<p><noscript><\/p>\n<p><a href=\"\/\/www3.smartadserver.com\/ac?jump=1&#038;nwid=2136&#038;siteid=240610&#038;pgname=rg&#038;fmtid=49046&#038;visit=m&#038;tmstp=[timestamp]&#038;out=nonrich\" target=\"_blank\" rel=\"noopener noreferrer\"><img decoding=\"async\" src=\"\/\/www3.smartadserver.com\/ac?out=nonrich&#038;nwid=2136&#038;siteid=240610&#038;pgname=rg&#038;fmtid=49046&#038;visit=m&#038;tmstp=[timestamp]\" border=\"0\" alt=\"\"\/><\/a><\/p>\n<p><\/noscript><\/div>\n<p>On se souvient de la phrase assassine de Nicolas Sarkozy selon laquelle, <em>\u00ab\u00a0l\u2019Afrique n\u2019est pas encore entr\u00e9e dans l\u2019histoire\u00a0\u00bb<\/em>. Eh bien, la c\u00e9r\u00e9monie comm\u00e9morative du d\u00e9barquement alli\u00e9 en Provence qui a eu lieu hier, 15 ao\u00fbt 2019, \u00e0 Saint-Rapha\u00ebl dans le sud de la France, est la meilleure des r\u00e9pliques que l\u2019on puisse lui donner. En effet, ce jeudi, <em>\u00ab\u00a0le grand chef des Blancs\u00a0\u00bb<\/em>, c\u2019est-\u00e0-dire Emmanuel Macron, a mis un point\u00a0 d\u2019honneur \u00e0 c\u00e9l\u00e9brer l\u2019histoire partag\u00e9e entre la France et l\u2019Afrique. En rappel, il y a 75 ans, les soldats des anciennes colonies, notamment d\u2019Afrique du Nord et d\u2019Afrique subsaharienne, ont contribu\u00e9 \u00e0 la lib\u00e9ration de la France en d\u00e9barquant en Provence. Bon nombre d\u2019entre eux y ont perdu la vie. A eux, la France est \u00e9ternellement reconnaissante. C\u2019est le message que le premier des Fran\u00e7ais a adress\u00e9 \u00e0 l\u2019Afrique.<\/p>\n<p><strong>\u00a0<\/strong><\/p>\n<p><strong>Il convient de saluer l\u2019\u0153uvre du pr\u00e9sident Macron en direction de l\u2019Afrique<\/strong><\/p>\n<p><strong>\u00a0<\/strong><\/p>\n<p class=\"c3\"><em>C\u2019est pourquoi il a bien voulu associer \u00e0 l\u2019\u00e9v\u00e9nement, deux de ses homologues africains que sont Alpha Cond\u00e9 de la Guin\u00e9e et Alassane Ouattara de la C\u00f4te-d\u2019Ivoire. La c\u00e9r\u00e9monie\u00a0 aurait davantage gagn\u00e9 en symboles si, au nombre des invit\u00e9s, on avait compt\u00e9, ne serait-ce qu\u2019un pr\u00e9sident de l\u2019Afrique du Nord. Car, il ne faut jamais oublier que les Beurs ont \u00e9t\u00e9 pour beaucoup dans la r\u00e9ussite du d\u00e9barquement alli\u00e9 en Provence. Un pays comme la Tunisie y a pay\u00e9 un lourd tribut en termes de pertes en vies humaines. Cette absence du Maghreb au 75<sup>e<\/sup> anniversaire du d\u00e9barquement en Provence pourrait s\u2019expliquer par deux raisons. La premi\u00e8re, c\u2019est que cette partie de l\u2019Afrique, en dehors du Maroc, vit aujourd\u2019hui\u00a0 un contexte politique particulier, qui l\u2019oblige\u00a0 \u00e0 s\u2019occuper prioritairement de ses probl\u00e8mes domestiques. La deuxi\u00e8me hypoth\u00e8se qui, \u00e0 notre sens, est la plus plausible, c\u2019est que l\u2019Afrique blanche, contrairement \u00e0 l\u2019Afrique noire, n\u2019\u00e9prouve aucune fiert\u00e9 \u00e0 se rem\u00e9morer le sacrifice de ses soldats qui se battaient pour une force coloniale. Cette pr\u00e9cision apport\u00e9e, il convient de saluer l\u2019\u0153uvre du pr\u00e9sident Macron en direction de l\u2019Afrique depuis qu\u2019il est aux affaires. En effet, ce dernier ne manque jamais l\u2019occasion\u00a0 de rendre hommage \u00e0 l\u2019Afrique pour sa contribution \u00e0 la grandeur de la France. Mieux, il s\u2019est servi de plusieurs tribunes pour rappeler \u00e0 la r\u00e9paration des torts faits \u00e0 l\u2019Afrique du fait de l\u2019esclavage et de la colonisation. En cela, l\u2019on peut se risquer \u00e0 dire que l\u2019actuel locataire du palais de l\u2019Elys\u00e9e a un rapport \u00e0 l\u2019Afrique diff\u00e9rent de celui de bien de ses pr\u00e9d\u00e9cesseurs. Autre chose qui fonde sa diff\u00e9rence est qu\u2019il est ouvert aux discours qui ne caressent pas \u00a0son pays dans le sens du poil. L\u2019invite faite au pr\u00e9sident guin\u00e9en \u00e0 prendre part au 75<sup>e<\/sup> anniversaire du d\u00e9barquement en Provence, en est une illustration. En effet, tout le monde sait que l\u2019ancien patron de la F\u00e9d\u00e9ration des \u00e9tudiants d\u2019Afrique noire de France (FEANF), c\u2019est-\u00e0-dire Alpha Cond\u00e9, n\u2019h\u00e9site pas \u00e0 mettre les pieds dans le plat. Cela dit, et alors que le pr\u00e9sident Macron s\u2019emploie m\u00e9thodiquement \u00e0 reconna\u00eetre la part contributive de l\u2019Afrique \u00e0 la victoire des alli\u00e9s sur l\u2019Allemagne nazie, l\u2019on \u00a0peut faire le constat que bien de ses compatriotes ne d\u00e9veloppent pas le m\u00eame discours. En effet, \u00e0 l\u2019instar de bien des pays europ\u00e9ens, la France est en train d\u2019\u00eatre gagn\u00e9e par des id\u00e9ologies dont les fronti\u00e8res avec le racisme, sont minces.<\/em><\/p>\n<p class=\"c3\"><em>\u00a0<\/em><\/p>\n<p><strong>L\u2019Afrique n\u2019est pas une intruse \u00a0en France<\/strong><\/p>\n<p><strong>\u00a0<\/strong><\/p>\n<p class=\"c3\"><em>C\u2019est pourquoi, des comm\u00e9morations comme celle du d\u00e9barquement des Africains en Provence, doivent servir de tribune, au- del\u00e0 des discours \u00e9pidictiques prof\u00e9r\u00e9s, pour d\u00e9noncer\u00a0 les d\u00e9rives racistes des partis dits d\u2019extr\u00eame droite, qui s\u00e9vissent aujourd\u2019hui en Europe. Car, ne n\u2019oublions jamais. L\u2019Allemagne nazie a \u00e9t\u00e9 les mamelles du racisme pour grandir et devenir le monstre qui a port\u00e9 un grand coup \u00e0 la paix mondiale. Ne pas s\u2019attaquer aux racines du racisme, c\u2019est ouvrir un boulevard \u00e0 tous ceux qui ne peuvent prosp\u00e9rer que dans la stigmatisation et l\u2019exclusion des autres. Et l\u2019\u00e9ducation est un des moyens pour d\u00e9construire le discours raciste en vogue en Europe. En plus donc de l\u2019appel fait aux maires de France par Emmanuel Macron pour qu\u2019ils baptisent des rues et des places en m\u00e9moire des soldats africains morts pour la France, il faut que l\u2019\u00e9cole de la R\u00e9publique fran\u00e7aise inscrive en lettres d\u2019or dans les curricula, ce pan de l\u2019histoire. C\u2019est par l\u00e0 que les jeunes g\u00e9n\u00e9rations grandiront avec\u00a0 l\u2019id\u00e9e que l\u2019Afrique n\u2019est pas une intruse \u00a0en France. Elle a contribu\u00e9 \u00e0 \u00e9crire les pages glorieuses\u00a0 de l\u2019histoire de la France. Dans le m\u00eame temps, l\u2019on doit travailler \u00e0 reformuler en des termes plus m\u00e9lioratifs, les appellations qui renvoient aux soldats africains qui ont pris part \u00e0 la lib\u00e9ration de la France. Ainsi, des termes comme les \u00ab\u00a0zouaves\u00a0\u00bb, les \u00ab\u00a0pieds noirs\u00a0\u00bb, ou encore les \u00ab\u00a0tirailleurs s\u00e9n\u00e9galais\u00a0\u00bb doivent c\u00e9der la place \u00e0 des termes plus valorisants. En tout cas, l\u2019hommage rendu aux soldats africains morts pour la France pour reprendre l\u2019expression d\u2019Emmanuel Macron, est un devoir de m\u00e9moire qui s\u2019impose et Alpha Cond\u00e9 l\u2019a relev\u00e9 dans son discours. Pour lui, \u00ab\u00a0sans le sacrifice des combattants africains, notre humanit\u00e9 ne continuerait pas \u00e0 se battre pour la paix\u00a0\u00bb. L\u2019on peut ajouter \u00e0 sa suite que sans leur contribution, la France ne serait pas ce qu\u2019elle est aujourd\u2019hui, c\u2019est-\u00e0-dire un grand pays qui compte dans le concert des nations. Elle a donc l\u2019obligation morale et politique de mettre \u00e0 profit cette position privil\u00e9gi\u00e9e pour aider \u00e0 l\u2019\u00e9mancipation de l\u2019Afrique. C\u2019est \u00e0 ce prix que les descendants de ces valeureux combattants africains morts pour la France, sauront qu\u2019au-del\u00e0 des discours \u00e9pidictiques prononc\u00e9s \u00e0 chaque comm\u00e9moration du d\u00e9barquement des soldats africains en Provence, les destins de la France et du continent noir sont li\u00e9s.<\/em><\/p>\n<p class=\"c3\"><em>\u00a0<\/em><\/p>\n<p><strong><em>\u00ab\u00a0Le Pays\u00a0\u00bb<\/em><\/strong><\/p>\n<p>Auteur: Le Pays<br \/>\n<a href=\"http:\/\/lepays.bf\/75e-anniversaire-du-debarquement-en-provence\/\">Cliquez ici pour lire l&rsquo;article depuis sa source.<\/a><\/p>\n","protected":false},"excerpt":{"rendered":"<p>On se souvient de la phrase assassine de Nicolas Sarkozy selon laquelle, \u00ab\u00a0l\u2019Afrique n\u2019est pas encore entr\u00e9e dans l\u2019histoire\u00a0\u00bb. Eh bien, la c\u00e9r\u00e9monie comm\u00e9morative du d\u00e9barquement alli\u00e9 en Provence qui a eu lieu hier, 15 ao\u00fbt 2019, \u00e0 Saint-Rapha\u00ebl dans le sud de la France, est la meilleure des r\u00e9pliques que l\u2019on puisse lui donner. [&hellip;]<\/p>\n","protected":false},"author":1813,"featured_media":0,"comment_status":"closed","ping_status":"closed","sticky":false,"template":"","format":"standard","meta":{"fifu_image_url":"","fifu_image_alt":"","footnotes":""},"categories":[73,81],"tags":[],"class_list":["post-51854","post","type-post","status-publish","format-standard","hentry","category-actualite","category-burkina-faso"],"_links":{"self":[{"href":"https:\/\/linitiative.ca\/International\/wp-json\/wp\/v2\/posts\/51854","targetHints":{"allow":["GET"]}}],"collection":[{"href":"https:\/\/linitiative.ca\/International\/wp-json\/wp\/v2\/posts"}],"about":[{"href":"https:\/\/linitiative.ca\/International\/wp-json\/wp\/v2\/types\/post"}],"author":[{"embeddable":true,"href":"https:\/\/linitiative.ca\/International\/wp-json\/wp\/v2\/users\/1813"}],"replies":[{"embeddable":true,"href":"https:\/\/linitiative.ca\/International\/wp-json\/wp\/v2\/comments?post=51854"}],"version-history":[{"count":0,"href":"https:\/\/linitiative.ca\/International\/wp-json\/wp\/v2\/posts\/51854\/revisions"}],"wp:attachment":[{"href":"https:\/\/linitiative.ca\/International\/wp-json\/wp\/v2\/media?parent=51854"}],"wp:term":[{"taxonomy":"category","embeddable":true,"href":"https:\/\/linitiative.ca\/International\/wp-json\/wp\/v2\/categories?post=51854"},{"taxonomy":"post_tag","embeddable":true,"href":"https:\/\/linitiative.ca\/International\/wp-json\/wp\/v2\/tags?post=51854"}],"curies":[{"name":"wp","href":"https:\/\/api.w.org\/{rel}","templated":true}]}}