{"id":51855,"date":"2019-08-15T16:15:34","date_gmt":"2019-08-15T20:15:34","guid":{"rendered":"https:\/\/linitiative.ca\/International\/imposition-de-karim-wade-comme-n2-du-pds\/"},"modified":"2019-08-15T16:15:34","modified_gmt":"2019-08-15T20:15:34","slug":"imposition-de-karim-wade-comme-n2-du-pds","status":"publish","type":"post","link":"https:\/\/linitiative.ca\/International\/imposition-de-karim-wade-comme-n2-du-pds\/","title":{"rendered":"IMPOSITION DE KARIM WADE COMME N\u00b02 DU PDS"},"content":{"rendered":"<div class=\"stream-item stream-item-above-post-content\">\n<p><noscript><\/p>\n<p><a href=\"\/\/www3.smartadserver.com\/ac?jump=1&#038;nwid=2136&#038;siteid=240610&#038;pgname=rg&#038;fmtid=49046&#038;visit=m&#038;tmstp=[timestamp]&#038;out=nonrich\" target=\"_blank\" rel=\"noopener noreferrer\"><img decoding=\"async\" src=\"\/\/www3.smartadserver.com\/ac?out=nonrich&#038;nwid=2136&#038;siteid=240610&#038;pgname=rg&#038;fmtid=49046&#038;visit=m&#038;tmstp=[timestamp]\" border=\"0\" alt=\"\"\/><\/a><\/p>\n<p><\/noscript><\/div>\n<p class=\"c3\">S\u2019il y a un \u00e9v\u00e8nement qui fait des gorges chaudes au sein du Parti d\u00e9mocratique s\u00e9n\u00e9galais (PDS), c\u2019est bien le renouvellement \u00a0de son bureau politique, la semaine derni\u00e8re, qui a consacr\u00e9 Karim Wade, fils de l\u2019ancien pr\u00e9sident Abdoulaye Wade, num\u00e9ro 2 du parti. Toute chose qui a irrit\u00e9 plusieurs t\u00e9nors du parti tels Babacar Gaye, Amadou Sall, Cheikh Tidiane Sech, qui ont refus\u00e9 d\u2019int\u00e9grer ce bureau politique impos\u00e9 par Abdoulaye Wade, leur compagnon de longue date. En effet, depuis de longues ann\u00e9es, le PDS a \u00e9t\u00e9 consid\u00e9r\u00e9 comme un patrimoine familial par celui-l\u00e0 qu\u2019on surnomme <em>Gorgui<\/em>. C\u2019est dire donc que l\u2019ent\u00eatement de Wade \u00e0 vouloir \u00e0 tout prix imposer son fils Karim, risque de faire imploser le PDS qui, on le sait, n\u2019\u00e9tait d\u00e9j\u00e0 pas au mieux de sa forme depuis le d\u00e9part de certains de ses cadres. En tout cas, l\u2019un des responsables du parti ne va pas avec le dos de la cuill\u00e8re pour affirmer ceci\u00a0:\u00a0\u00ab\u00a0<em>C\u2019est<\/em> <em>un testament au profit de Karim\u00a0! Nous sommes dans une gestion n\u00e9potique d\u2019un parti qui implose\u00a0\u00bb.<\/em>La question que l\u2019on peut se poser est la suivante\u00a0: pourquoi vouloir co\u00fbte que co\u00fbte imposer Karim\u00a0?<\/p>\n<p><strong>\u00a0<\/strong><\/p>\n<p><strong>Un parti politique n\u2019est pas un champ avec un propri\u00e9taire<\/strong><\/p>\n<p><strong>\u00a0<\/strong><\/p>\n<p class=\"c3\">Jamais, dans l\u2019histoire politique du S\u00e9n\u00e9gal, l\u2019on n\u2019avait vu pareille situation o\u00f9 le p\u00e8re ne jure que par le fils, s\u2019il n\u2019en fait pas un demi- Dieu.L\u00e9opold S\u00e9dar Senghor et Abdou Diouf avaient pourtant montr\u00e9 l\u2019exemple, en tenant \u00e9loign\u00e9es leurs prog\u00e9nitures respectives du cercle du pouvoir. Mais Abdoulaye Wade, lui, en fait \u00e0 sa t\u00eate, oubliant qu\u2019un parti politique n\u2019est pas un champ avec un propri\u00e9taire qui en dispose \u00e0 sa guise. Un parti politique est un regroupement de personnes partageant les m\u00eames id\u00e9aux, qui fonctionne avec des instances, des r\u00e8gles \u00e9dict\u00e9es et connues de tous les membres. Mais tout se passe, en effet, comme si Abdoulaye Wade ne sait pas que le leadership est une valeur qui ne se d\u00e9cr\u00e8te pas, mais s\u2019acquiert ou se construit au fil des ans.Et Karim Wade, dans \u00a0ce cas de figure, peut se forger une personnalit\u00e9 s\u2019il a la ferme \u00a0volont\u00e9 de travailler pour l\u2019int\u00e9r\u00eat sup\u00e9rieur des S\u00e9n\u00e9galais. Vouloir co\u00fbte que co\u00fbte, emprunter la courte \u00e9chelle, est pour le moins contre-productif. Car, dit-on, <em>\u00ab\u00a0la voie de la justice et de la droiture est pleine d\u2019emb\u00fbches\u00a0\u00bb<\/em> mais elle reste la meilleure pour tout homme politique qui veut se construire une personnalit\u00e9. En tout cas, l\u2019implosion du parti peut toujours \u00eatre \u00e9vit\u00e9e si, au lieu d\u2019imposer son fils, Wade reconsid\u00e8re sa position en choisissant un cadre qui fasse consensus et qui pourra conduire le parti vers des lendemains meilleurs.<\/p>\n<p><strong>\u00a0<\/strong><\/p>\n<p><strong>Kiswendsida Fid\u00e8le KONSIAMBO<\/strong><\/p>\n<p>Auteur: Le Pays<br \/>\n<a href=\"http:\/\/lepays.bf\/imposition-de-karim-wade-comme-n2-du-pds\/\">Cliquez ici pour lire l&rsquo;article depuis sa source.<\/a><\/p>\n","protected":false},"excerpt":{"rendered":"<p>S\u2019il y a un \u00e9v\u00e8nement qui fait des gorges chaudes au sein du Parti d\u00e9mocratique s\u00e9n\u00e9galais (PDS), c\u2019est bien le renouvellement \u00a0de son bureau politique, la semaine derni\u00e8re, qui a consacr\u00e9 Karim Wade, fils de l\u2019ancien pr\u00e9sident Abdoulaye Wade, num\u00e9ro 2 du parti. Toute chose qui a irrit\u00e9 plusieurs t\u00e9nors du parti tels Babacar Gaye, [&hellip;]<\/p>\n","protected":false},"author":1813,"featured_media":0,"comment_status":"closed","ping_status":"closed","sticky":false,"template":"","format":"standard","meta":{"fifu_image_url":"","fifu_image_alt":"","footnotes":""},"categories":[73,81],"tags":[],"class_list":["post-51855","post","type-post","status-publish","format-standard","hentry","category-actualite","category-burkina-faso"],"_links":{"self":[{"href":"https:\/\/linitiative.ca\/International\/wp-json\/wp\/v2\/posts\/51855","targetHints":{"allow":["GET"]}}],"collection":[{"href":"https:\/\/linitiative.ca\/International\/wp-json\/wp\/v2\/posts"}],"about":[{"href":"https:\/\/linitiative.ca\/International\/wp-json\/wp\/v2\/types\/post"}],"author":[{"embeddable":true,"href":"https:\/\/linitiative.ca\/International\/wp-json\/wp\/v2\/users\/1813"}],"replies":[{"embeddable":true,"href":"https:\/\/linitiative.ca\/International\/wp-json\/wp\/v2\/comments?post=51855"}],"version-history":[{"count":0,"href":"https:\/\/linitiative.ca\/International\/wp-json\/wp\/v2\/posts\/51855\/revisions"}],"wp:attachment":[{"href":"https:\/\/linitiative.ca\/International\/wp-json\/wp\/v2\/media?parent=51855"}],"wp:term":[{"taxonomy":"category","embeddable":true,"href":"https:\/\/linitiative.ca\/International\/wp-json\/wp\/v2\/categories?post=51855"},{"taxonomy":"post_tag","embeddable":true,"href":"https:\/\/linitiative.ca\/International\/wp-json\/wp\/v2\/tags?post=51855"}],"curies":[{"name":"wp","href":"https:\/\/api.w.org\/{rel}","templated":true}]}}