{"id":51856,"date":"2019-08-15T12:50:02","date_gmt":"2019-08-15T16:50:02","guid":{"rendered":"https:\/\/linitiative.ca\/International\/juillet-2019-mois-le-plus-chaud-jamais-mesure-dans-le-monde-selon-une-agence-americaine\/"},"modified":"2019-08-15T12:50:02","modified_gmt":"2019-08-15T16:50:02","slug":"juillet-2019-mois-le-plus-chaud-jamais-mesure-dans-le-monde-selon-une-agence-americaine","status":"publish","type":"post","link":"https:\/\/linitiative.ca\/International\/juillet-2019-mois-le-plus-chaud-jamais-mesure-dans-le-monde-selon-une-agence-americaine\/","title":{"rendered":"Juillet 2019, mois le plus chaud jamais mesur\u00e9 dans le monde selon une agence am\u00e9ricaine"},"content":{"rendered":"<div readability=\"32\">\n<p>Publi\u00e9 le 15.08.2019 \u00e0 17h50 par AFP<\/p>\n<\/div>\n<div readability=\"44\">\n<p>Le mois de juillet 2019 a \u00e9t\u00e9 le plus chaud jamais mesur\u00e9 dans le monde, a indiqu\u00e9 jeudi l\u2019Agence atmosph\u00e9rique am\u00e9ricaine NOAA, confirmant des observations \u00e9mises par l\u2019Union europ\u00e9enne il y a quelques jours.<\/p>\n<p>\u00ab\u00a0La majeure partie de la plan\u00e8te a connu une chaleur sans pr\u00e9c\u00e9dent en juillet, les temp\u00e9ratures ayant atteint de nouveaux sommets au cours du mois le plus chaud jamais enregistr\u00e9\u00a0\u00bb, a comment\u00e9 l\u2019agence am\u00e9ricaine, pr\u00e9cisant que la chaleur record avait \u00e9galement \u00ab\u00a0r\u00e9duit la glace dans les mers Arctique et Antarctique \u00e0 des niveaux historiquement bas\u00a0\u00bb.<\/p>\n<\/div>\n<p>Auteur: AFP<br \/>\n<a href=\"https:\/\/www.journalducameroun.com\/juillet-2019-mois-le-plus-chaud-jamais-mesure-dans-le-monde-selon-une-agence-americaine\/\">Cliquez ici pour lire l&rsquo;article depuis sa source.<\/a><\/p>\n","protected":false},"excerpt":{"rendered":"<p>Publi\u00e9 le 15.08.2019 \u00e0 17h50 par AFP Le mois de juillet 2019 a \u00e9t\u00e9 le plus chaud jamais mesur\u00e9 dans le monde, a indiqu\u00e9 jeudi l\u2019Agence atmosph\u00e9rique am\u00e9ricaine NOAA, confirmant des observations \u00e9mises par l\u2019Union europ\u00e9enne il y a quelques jours. \u00ab\u00a0La majeure partie de la plan\u00e8te a connu une chaleur sans pr\u00e9c\u00e9dent en juillet, [&hellip;]<\/p>\n","protected":false},"author":1965,"featured_media":0,"comment_status":"closed","ping_status":"closed","sticky":false,"template":"","format":"standard","meta":{"fifu_image_url":"","fifu_image_alt":"","footnotes":""},"categories":[73,82],"tags":[],"class_list":["post-51856","post","type-post","status-publish","format-standard","hentry","category-actualite","category-cameroun"],"_links":{"self":[{"href":"https:\/\/linitiative.ca\/International\/wp-json\/wp\/v2\/posts\/51856","targetHints":{"allow":["GET"]}}],"collection":[{"href":"https:\/\/linitiative.ca\/International\/wp-json\/wp\/v2\/posts"}],"about":[{"href":"https:\/\/linitiative.ca\/International\/wp-json\/wp\/v2\/types\/post"}],"author":[{"embeddable":true,"href":"https:\/\/linitiative.ca\/International\/wp-json\/wp\/v2\/users\/1965"}],"replies":[{"embeddable":true,"href":"https:\/\/linitiative.ca\/International\/wp-json\/wp\/v2\/comments?post=51856"}],"version-history":[{"count":0,"href":"https:\/\/linitiative.ca\/International\/wp-json\/wp\/v2\/posts\/51856\/revisions"}],"wp:attachment":[{"href":"https:\/\/linitiative.ca\/International\/wp-json\/wp\/v2\/media?parent=51856"}],"wp:term":[{"taxonomy":"category","embeddable":true,"href":"https:\/\/linitiative.ca\/International\/wp-json\/wp\/v2\/categories?post=51856"},{"taxonomy":"post_tag","embeddable":true,"href":"https:\/\/linitiative.ca\/International\/wp-json\/wp\/v2\/tags?post=51856"}],"curies":[{"name":"wp","href":"https:\/\/api.w.org\/{rel}","templated":true}]}}