{"id":51858,"date":"2019-08-15T12:50:06","date_gmt":"2019-08-15T16:50:06","guid":{"rendered":"https:\/\/linitiative.ca\/International\/le-soudan-donne-le-coup-denvoi-a-une-transition-vers-un-pouvoir-civil\/"},"modified":"2019-08-15T12:50:06","modified_gmt":"2019-08-15T16:50:06","slug":"le-soudan-donne-le-coup-denvoi-a-une-transition-vers-un-pouvoir-civil","status":"publish","type":"post","link":"https:\/\/linitiative.ca\/International\/le-soudan-donne-le-coup-denvoi-a-une-transition-vers-un-pouvoir-civil\/","title":{"rendered":"Le Soudan donne le coup d\u2019envoi \u00e0 une transition vers un pouvoir civil"},"content":{"rendered":"<div readability=\"32\">\n<p>Publi\u00e9 le 15.08.2019 \u00e0 17h50 par AFP<\/p>\n<\/div>\n<div readability=\"147\">\n<p>Les dirigeants militaires au Soudan et les chefs de file de la contestation doivent samedi signer un accord historique ouvrant une p\u00e9riode de transition vers un pouvoir civil, apr\u00e8s des mois de troubles.<\/p>\n<p>Cette c\u00e9r\u00e9monie officialisera plusieurs documents, principalement les d\u00e9clarations constitutionnelle et politique, sur lesquels se sont mis d\u2019accord le Conseil militaire de transition et les repr\u00e9sentants de l\u2019Alliance pour la libert\u00e9 et le changement (ALC), fer de lance de la contestation.<\/p>\n<p>Obtenu apr\u00e8s de difficiles n\u00e9gociations, l\u2019accord a mis fin \u00e0 des mois de manifestations, d\u00e9clench\u00e9es le 19 d\u00e9cembre par la d\u00e9cision du gouvernement de tripler le prix du pain avant de se transformer en contestation du pouvoir du g\u00e9n\u00e9ral Omar el-B\u00e9chir destitu\u00e9 et arr\u00eat\u00e9 par l\u2019arm\u00e9e le 11 avril .<\/p>\n<p>Le jour de la signature de l\u2019accord co\u00efncidera d\u2019ailleurs avec l\u2019ouverture du proc\u00e8s de M. B\u00e9chir inculp\u00e9 de corruption.<\/p>\n<p>Plus de 250 personnes ont \u00e9t\u00e9 tu\u00e9es dans la r\u00e9pression du mouvement de contestation, notamment la dispersion brutale d\u2019un sit-in devant le QG de l\u2019arm\u00e9e \u00e0 Khartoum qui a fait 127 morts le 3 juin, selon des m\u00e9decins proches de la contestation.<\/p>\n<p>Conclu avec la m\u00e9diation de l\u2019Union africaine (UA), l\u2019accord a \u00e9t\u00e9 accueilli avec enthousiasme: les manifestants ont c\u00e9l\u00e9br\u00e9 la victoire de leur \u00ab\u00a0r\u00e9volution\u00a0\u00bb et le Conseil militaire ayant succ\u00e9d\u00e9 \u00e0 M. B\u00e9chir a assur\u00e9 avoir \u00e9vit\u00e9 une guerre civile.<\/p>\n<p>\u2013 Plusieurs \u00e9ch\u00e9ances \u2013<\/p>\n<p>Le Conseil souverain de transition, qui remplacera le Conseil militaire, sera constitu\u00e9 de six civils issus de l\u2019ALC et de cinq militaires, et sa composition doit \u00eatre r\u00e9v\u00e9l\u00e9e dimanche.<\/p>\n<p>Il doit ensuite confirmer mardi la nomination par l\u2019ALC de l\u2019\u00e9conomiste Abdallah Hamdok, un ex-haut fonctionnaire de l\u2019ONU, au poste de Premier ministre. Le gouvernement sera lui form\u00e9 le 28 ao\u00fbt en majorit\u00e9 par des civils et il rencontrera le Conseil souverain le 1er septembre.<\/p>\n<p>La transition, commenc\u00e9e le 4 ao\u00fbt avec le paraphe de la d\u00e9claration constitutionnelle, durera trois ans et trois mois et s\u2019ach\u00e8vera par la tenue d\u2019\u00e9lections dans ce pays de 40 millions d\u2019habitants dirig\u00e9 pendant trois d\u00e9cennies d\u2019une main de fer par le g\u00e9n\u00e9ral B\u00e9chir.<\/p>\n<p>Au gouvernement, les ministres de l\u2019Int\u00e9rieur et de la D\u00e9fense seront choisis par des membres militaires du Conseil souverain.<\/p>\n<p>Les 300 membres de l\u2019assembl\u00e9e l\u00e9gislative, dont 40% de femmes, seront nomm\u00e9s dans les trois mois suivant la signature de l\u2019accord. Au total, 67% des si\u00e8ges doivent aller \u00e0 l\u2019ALC et le reste \u00e0 des partis, \u00e0 condition qu\u2019ils ne soient pas li\u00e9s \u00e0 l\u2019ex-pr\u00e9sident qui \u00e9tait arriv\u00e9 au pouvoir en 1989 apr\u00e8s un coup d\u2019Etat soutenu par les islamistes.<\/p>\n<p>Les militaires ainsi que les Forces de soutien rapide (RSF), puissante organisation paramilitaire seront plac\u00e9s sous le commandement du chef de l\u2019arm\u00e9e. Les RSF ont \u00e9t\u00e9 accus\u00e9es d\u2019avoir men\u00e9 la dispersion sanglante du 3 juin.<\/p>\n<p>Une fois dot\u00e9 d\u2019un pouvoir civil, le Soudan pourra r\u00e9int\u00e9grer l\u2019UA, dont le pays a \u00e9t\u00e9 suspendu apr\u00e8s la dispersion du sit-in.<\/p>\n<p>\u2013 Groupes rebelles absents \u2013<\/p>\n<p>De nombreux d\u00e9fis attendent n\u00e9anmoins les nouvelles autorit\u00e9s, selon les experts.<\/p>\n<p>\u00ab\u00a0Le plus grand d\u00e9fi auquel le gouvernement sera confront\u00e9 sera de d\u00e9manteler le noyautage des structures \u00e9tatiques par les islamistes (\u2026) qui ont pris le contr\u00f4le de toutes les institutions et des secteurs cl\u00e9s de l\u2019\u00e9conomie, dont des centaines d\u2019entreprises de l\u2019industrie militaire\u00a0\u00bb, dit Rosalind Marsden, du cercle de r\u00e9flexion Chatham House.<\/p>\n<p>De plus l\u2019ascension politique du chef des RSF, Mohammed Hamdan Daglo, devenu num\u00e9ro deux du Conseil militaire apr\u00e8s la chute de M. B\u00e9chir, fait partie des questions les plus \u00e9pineuses. M. Daglo est accus\u00e9 d\u2019avoir men\u00e9 la r\u00e9pression contre les manifestants et commis des atrocit\u00e9s lorsqu\u2019il \u00e9tait \u00e0 la t\u00eate des milices Janjawid au Darfour.<\/p>\n<p>Le sort de M. B\u00e9chir reste aussi flou. Certains ont vu dans son inculpation pour corruption un signe que la justice ne s\u2019attaquera pas aux accusations de crimes de guerre, crimes contre l\u2019humanit\u00e9 et g\u00e9nocide au Darfour port\u00e9es contre lui par la Cour p\u00e9nale internationale de La Haye, qui r\u00e9clame son extradition.<\/p>\n<p>Sans oublier que plusieurs groupes rebelles de r\u00e9gions en conflit comme le Darfour, le Nil-Bleu et le Kordofan, seront absents de la c\u00e9r\u00e9monie de signature.<\/p>\n<p>Le Front r\u00e9volutionnaire soudanais, qui r\u00e9unit ces groupes, a soutenu la contestation mais a rejet\u00e9 la d\u00e9claration constitutionnelle, exigeant de participer au gouvernement et davantage de garanties concernant le processus de paix les concernant.<\/p>\n<\/div>\n<p>Auteur: AFP<br \/>\n<a href=\"https:\/\/www.journalducameroun.com\/le-soudan-donne-le-coup-denvoi-a-une-transition-vers-un-pouvoir-civil\/\">Cliquez ici pour lire l&rsquo;article depuis sa source.<\/a><\/p>\n","protected":false},"excerpt":{"rendered":"<p>Publi\u00e9 le 15.08.2019 \u00e0 17h50 par AFP Les dirigeants militaires au Soudan et les chefs de file de la contestation doivent samedi signer un accord historique ouvrant une p\u00e9riode de transition vers un pouvoir civil, apr\u00e8s des mois de troubles. Cette c\u00e9r\u00e9monie officialisera plusieurs documents, principalement les d\u00e9clarations constitutionnelle et politique, sur lesquels se sont [&hellip;]<\/p>\n","protected":false},"author":1965,"featured_media":0,"comment_status":"closed","ping_status":"closed","sticky":false,"template":"","format":"standard","meta":{"fifu_image_url":"","fifu_image_alt":"","footnotes":""},"categories":[73,82],"tags":[],"class_list":["post-51858","post","type-post","status-publish","format-standard","hentry","category-actualite","category-cameroun"],"_links":{"self":[{"href":"https:\/\/linitiative.ca\/International\/wp-json\/wp\/v2\/posts\/51858","targetHints":{"allow":["GET"]}}],"collection":[{"href":"https:\/\/linitiative.ca\/International\/wp-json\/wp\/v2\/posts"}],"about":[{"href":"https:\/\/linitiative.ca\/International\/wp-json\/wp\/v2\/types\/post"}],"author":[{"embeddable":true,"href":"https:\/\/linitiative.ca\/International\/wp-json\/wp\/v2\/users\/1965"}],"replies":[{"embeddable":true,"href":"https:\/\/linitiative.ca\/International\/wp-json\/wp\/v2\/comments?post=51858"}],"version-history":[{"count":0,"href":"https:\/\/linitiative.ca\/International\/wp-json\/wp\/v2\/posts\/51858\/revisions"}],"wp:attachment":[{"href":"https:\/\/linitiative.ca\/International\/wp-json\/wp\/v2\/media?parent=51858"}],"wp:term":[{"taxonomy":"category","embeddable":true,"href":"https:\/\/linitiative.ca\/International\/wp-json\/wp\/v2\/categories?post=51858"},{"taxonomy":"post_tag","embeddable":true,"href":"https:\/\/linitiative.ca\/International\/wp-json\/wp\/v2\/tags?post=51858"}],"curies":[{"name":"wp","href":"https:\/\/api.w.org\/{rel}","templated":true}]}}