{"id":51859,"date":"2019-08-15T13:18:03","date_gmt":"2019-08-15T17:18:03","guid":{"rendered":"https:\/\/linitiative.ca\/International\/cote-divoire-10-300-enseignants-contractuels-recrutes-debutent-leur-stage-lundi\/"},"modified":"2019-08-15T13:18:03","modified_gmt":"2019-08-15T17:18:03","slug":"cote-divoire-10-300-enseignants-contractuels-recrutes-debutent-leur-stage-lundi","status":"publish","type":"post","link":"https:\/\/linitiative.ca\/International\/cote-divoire-10-300-enseignants-contractuels-recrutes-debutent-leur-stage-lundi\/","title":{"rendered":"C\u00f4te d\u2019Ivoire: 10 300 enseignants contractuels recrut\u00e9s d\u00e9butent leur stage lundi"},"content":{"rendered":"<div readability=\"32\">\n<p>Publi\u00e9 le 15.08.2019 \u00e0 18h18 par APA News<\/p>\n<\/div>\n<div readability=\"76\">\n<p>Les stages d\u2019accompagnement \u00e0 la prise de fonction des enseignants contractuels admis au concours de recrutement organis\u00e9s dans le cadre de la politique sociale du gouvernement (PS-Gouv) session 2019, se d\u00e9rouleront \u00e0 partir du 19 ao\u00fbt 2019, annonce un communiqu\u00e9 du minist\u00e8re ivoirien de l\u2019\u00e9ducation nationale, de l\u2019enseignement technique et de la formation professionnelle transmis jeudi \u00e0 APA.Pour les instituteurs adjoints contractuels, indique le communiqu\u00e9 sign\u00e9 par Assoumou Kabran, le directeur de cabinet de ce d\u00e9partement minist\u00e9riel, le stage se tiendra dans les seize Centres d\u2019animation et de formation p\u00e9dagogique (CAFOP) sur l\u2019\u00e9tendue du territoire national.<\/p>\n<p>Quant aux enseignants contractuels de coll\u00e8ge et de lyc\u00e9e, le stage se fera par discipline dans des \u00e9tablissements secondaires.<\/p>\n<p>Ainsi, le lyc\u00e9e classique d\u2019Abidjan recevra les enseignants stagiaires des disciplines de lettres modernes (Fran\u00e7ais), Histoire-G\u00e9ographie et Education aux droits de l\u2019homme et \u00e0 la citoyennet\u00e9 (EDHC), quand le lyc\u00e9e Mamie Fatai de Bingerville (Est d\u2019Abidjan) accueillera les enseignants contractuels des disciplines de Physique Chimie, Sciences de la vie et de la terre (SVT) et Philosophie.<\/p>\n<p>Le lyc\u00e9e Mamie Adjoua de Yamoussoukro (capitale politique et administrative) est retenu pour les disciplines d\u2019Education physique et sportive (EPS), Anglais, Allemand et enfin le lyc\u00e9e moderne Jeunes Filles de Bouak\u00e9 (Centre-Nord) recevra les stagiaires des \u00a0disciplines de Math\u00e9matiques, Technologies de l\u2019information et de la communication pour l\u2019\u00e9ducation (TICE) et Espagnol.<\/p>\n<p>\u00a0Environ 89 000 candidats \u00a0dont 73 000 en ce qui concerne le primaire pour 5300 postes et environ 16 000 candidats pour les 5000 postes du secondaire, avaient pris part aux \u00e9preuves \u00e9crites de ce concours de recrutement.<\/p>\n<p>\u00a0Dans son message \u00e0 la nation du 31 d\u00e9cembre 2018, le pr\u00e9sident ivoirien Alassane Ouattara a annonc\u00e9 dans le cadre du programme social du gouvernement, d\u2019engager \u00e0 titre exceptionnel \u00a010.300 enseignants contractuels pour le pr\u00e9scolaire, le primaire et le secondaire. Ces recrutements selon M. Ouattara, visent notamment \u00e0 \u00ab combler le d\u00e9ficit en enseignants\u00bb en C\u00f4te d\u2019Ivoire.<\/p>\n<\/div>\n<p>Auteur: APA News<br \/>\n<a href=\"https:\/\/www.journalducameroun.com\/cote-divoire-10-300-enseignants-contractuels-recrutes-debutent-leur-stage-lundi\/\">Cliquez ici pour lire l&rsquo;article depuis sa source.<\/a><\/p>\n","protected":false},"excerpt":{"rendered":"<p>Publi\u00e9 le 15.08.2019 \u00e0 18h18 par APA News Les stages d\u2019accompagnement \u00e0 la prise de fonction des enseignants contractuels admis au concours de recrutement organis\u00e9s dans le cadre de la politique sociale du gouvernement (PS-Gouv) session 2019, se d\u00e9rouleront \u00e0 partir du 19 ao\u00fbt 2019, annonce un communiqu\u00e9 du minist\u00e8re ivoirien de l\u2019\u00e9ducation nationale, de [&hellip;]<\/p>\n","protected":false},"author":1965,"featured_media":0,"comment_status":"closed","ping_status":"closed","sticky":false,"template":"","format":"standard","meta":{"fifu_image_url":"","fifu_image_alt":"","footnotes":""},"categories":[73,82],"tags":[],"class_list":["post-51859","post","type-post","status-publish","format-standard","hentry","category-actualite","category-cameroun"],"_links":{"self":[{"href":"https:\/\/linitiative.ca\/International\/wp-json\/wp\/v2\/posts\/51859","targetHints":{"allow":["GET"]}}],"collection":[{"href":"https:\/\/linitiative.ca\/International\/wp-json\/wp\/v2\/posts"}],"about":[{"href":"https:\/\/linitiative.ca\/International\/wp-json\/wp\/v2\/types\/post"}],"author":[{"embeddable":true,"href":"https:\/\/linitiative.ca\/International\/wp-json\/wp\/v2\/users\/1965"}],"replies":[{"embeddable":true,"href":"https:\/\/linitiative.ca\/International\/wp-json\/wp\/v2\/comments?post=51859"}],"version-history":[{"count":0,"href":"https:\/\/linitiative.ca\/International\/wp-json\/wp\/v2\/posts\/51859\/revisions"}],"wp:attachment":[{"href":"https:\/\/linitiative.ca\/International\/wp-json\/wp\/v2\/media?parent=51859"}],"wp:term":[{"taxonomy":"category","embeddable":true,"href":"https:\/\/linitiative.ca\/International\/wp-json\/wp\/v2\/categories?post=51859"},{"taxonomy":"post_tag","embeddable":true,"href":"https:\/\/linitiative.ca\/International\/wp-json\/wp\/v2\/tags?post=51859"}],"curies":[{"name":"wp","href":"https:\/\/api.w.org\/{rel}","templated":true}]}}