{"id":51860,"date":"2019-08-15T13:50:02","date_gmt":"2019-08-15T17:50:02","guid":{"rendered":"https:\/\/linitiative.ca\/International\/israel-interdit-lentree-sur-son-territoire-a-deux-elues-americaines-2\/"},"modified":"2019-08-15T13:50:02","modified_gmt":"2019-08-15T17:50:02","slug":"israel-interdit-lentree-sur-son-territoire-a-deux-elues-americaines-2","status":"publish","type":"post","link":"https:\/\/linitiative.ca\/International\/israel-interdit-lentree-sur-son-territoire-a-deux-elues-americaines-2\/","title":{"rendered":"Isra\u00ebl interdit l\u2019entr\u00e9e sur son territoire \u00e0 deux \u00e9lues am\u00e9ricaines"},"content":{"rendered":"<div readability=\"32\">\n<p>Publi\u00e9 le 15.08.2019 \u00e0 18h50 par AFP<\/p>\n<\/div>\n<div readability=\"142\">\n<p>Les autorit\u00e9s isra\u00e9liennes ont interdit jeudi \u00e0 deux \u00e9lues am\u00e9ricaines d\u2019entrer en Isra\u00ebl en raison de leur soutien \u00e0 la campagne de boycott de l\u2019Etat h\u00e9breu et \u00e0 la suite d\u2019une demande du pr\u00e9sident Donald Trump.<\/p>\n<p>Ilhan Omar et Rashida Tlaib, les deux premi\u00e8res femmes musulmanes \u00e9lues au Congr\u00e8s et membres de l\u2019aile gauche du Parti d\u00e9mocrate am\u00e9ricain, devaient atterrir ce weekend \u00e0 Tel-Aviv afin de visiter ensuite les Territoires palestiniens occup\u00e9s, o\u00f9 elles \u00e9taient chaleureusement attendues.<\/p>\n<p>Mais \u00e0 la suite d\u2019une pol\u00e9mique dans la presse locale et d\u2019une demande du pr\u00e9sident am\u00e9ricain Donald Trump \u2013dont elles sont des adversaires politiques\u2013, le minist\u00e8re isra\u00e9lien de l\u2019Int\u00e9rieur a d\u00e9cid\u00e9 jeudi de leur interdire l\u2019entr\u00e9e en Isra\u00ebl, estimant que leur visite s\u2019inscrivait dans le cadre \u00ab\u00a0d\u2019activit\u00e9s de boycott anti-isra\u00e9lien\u00a0\u00bb.<\/p>\n<p>Cette d\u00e9cision a \u00e9t\u00e9 prise \u00ab\u00a0en accord\u00a0\u00bb avec le Premier ministre isra\u00e9lien Benjamin Netanyahu, le ministre des Affaires \u00e9trang\u00e8res et le ministre des Affaires strat\u00e9giques, a ajout\u00e9 le minist\u00e8re dans un communiqu\u00e9.<\/p>\n<p>\u00ab\u00a0Ces \u00e9lues utilisent la sc\u00e8ne internationale pour apporter leur soutien aux associations BDS qui appellent au boycott d\u2019Isra\u00ebl\u00a0\u00bb, a ajout\u00e9 le minist\u00e8re, justifiant sa d\u00e9cision sur la base d\u2019une loi isra\u00e9lienne permettant depuis 2017 d\u2019interdire l\u2019entr\u00e9e en sol isra\u00e9lien aux partisans du mouvement BDS (Boycott, D\u00e9sinvestissement, Sanctions).<\/p>\n<p>Ce mouvement appelle au boycott \u00e9conomique, culturel ou scientifique d\u2019Isra\u00ebl afin de protester contre l\u2019occupation des Territoires palestiniens.<\/p>\n<p>La colonisation par Isra\u00ebl de la Cisjordanie occup\u00e9e et de J\u00e9rusalem-Est annex\u00e9e s\u2019est poursuivie sous tous les gouvernements isra\u00e9liens depuis 1967, mais elle s\u2019est acc\u00e9l\u00e9r\u00e9e ses derni\u00e8res ann\u00e9es sous l\u2019impulsion de Benjamin Netanyahu et de son alli\u00e9 \u00e0 Washington, Donald Trump.<\/p>\n<p>Ce dernier a jug\u00e9 jeudi qu\u2019Isra\u00ebl ferait preuve d\u2019une \u00ab\u00a0grande faiblesse\u00a0\u00bb s\u2019il autorisait Rashida Tlaib et Ilhan Omar, \u00e0 effectuer leur visite. \u00ab\u00a0Elles ha\u00efssent Isra\u00ebl et tout le peuple juif et il n\u2019y a rien qui puisse \u00eatre dit ou fait pour leur faire changer d\u2019avis\u00a0\u00bb, a soutenu le pr\u00e9sident des Etats-Unis dans un tweet. \u00ab\u00a0Elles sont une honte!\u00a0\u00bb<\/p>\n<p>\u00ab\u00a0Aucun pays ne respecte plus les Etats-Unis et son Congr\u00e8s que l\u2019Etat d\u2019Isra\u00ebl\u00a0\u00bb, a d\u00e9clar\u00e9 M. Netanyahu.<\/p>\n<p>\u00ab\u00a0Isra\u00ebl est ouvert aux visites \u00e0 une exception pr\u00e8s, celle de gens appelant et militant pour son boycott\u00a0\u00bb, a-t-il ajout\u00e9, , pour justifier la d\u00e9cision de son gouvernement de barrer la route aux deux \u00e9lues am\u00e9ricaines.<\/p>\n<p>Cette interdiction est \u00ab\u00a0un acte d\u2019hostilit\u00e9 scandaleux contre le peuple am\u00e9ricain et ses repr\u00e9sentants\u00a0\u00bb, a r\u00e9agi Hanane Achraoui, une haute responsable palestinienne.<\/p>\n<p>Il s\u2019agit \u00ab\u00a0d\u2019une attaque contre le droit du peuple palestinien \u00e0 nouer un dialogue avec le reste du monde\u00a0\u00bb, a ajout\u00e9 cette membre du comit\u00e9 ex\u00e9cutif de l\u2019Organisation de lib\u00e9ration de la Palestine (OLP).<\/p>\n<p>\u2013 Au village \u2013<\/p>\n<p>N\u00e9e \u00e0 D\u00e9troit (nord-est des Etats-Unis), Rashida Tlaib est la premi\u00e8re \u00e9lue am\u00e9ricaine d\u2019origine palestinienne, ses deux parents ayant grandi en Cisjordanie occup\u00e9e.<\/p>\n<p>Dans le village de Beit Ur al-Fauqa, sa famille attendait avec impatience la venue de la \u00ab\u00a0fiert\u00e9 locale\u00a0\u00bb, qui devait rencontrer \u00e0 partir de dimanche des organisations locales et visiter sa famille.<\/p>\n<p>\u00ab\u00a0Nous pr\u00e9parons une f\u00eate pour elle et Ilhan. Nous voulons sacrifier un mouton \u00e0 leur arriv\u00e9e\u00a0\u00bb, a expliqu\u00e9 \u00e0 l\u2019AFP la grand-m\u00e8re de l\u2019\u00e9lue d\u00e9mocrate, Muftia Taleb, 85 ans, entour\u00e9e de membres de la famille dans la cour de la maison en pierre couleur de sable et bord\u00e9e d\u2019oliviers, peu avant que les autorit\u00e9s n\u2019annoncent leur d\u00e9cision.<\/p>\n<p>A 10 m\u00e8tres \u00e0 peine de la propri\u00e9t\u00e9, un grillage s\u00e9pare la Cisjordanie occup\u00e9e d\u2019une autoroute isra\u00e9lienne menant \u00e0 Tel-Aviv, ses tours effil\u00e9es et son a\u00e9roport international o\u00f9 Rashida Tlaib et Ilhan Omar n\u2019atterriront pas comme pr\u00e9vu.<\/p>\n<p>Pourquoi lui bloquer l\u2019entr\u00e9e? \u00ab\u00a0Parce qu\u2019elle d\u00e9fend sa nation et la cause palestinienne\u00a0\u00bb, r\u00e9pond du tac au tac son oncle Bassam, 53 ans, qui dit attendre depuis 2006 le retour de sa ni\u00e8ce Rashida dans la maison familiale.<\/p>\n<p>\u00ab\u00a0Nous avons \u00e9t\u00e9 surpris lorsque Trump a r\u00e9cemment demand\u00e9 \u00e0 Rashida et Ilhan de retourner dans leur pays d\u2019origine. Aujourd\u2019hui, Rashida veut rentrer chez elle alors pourquoi ils font tout pour l\u2019en emp\u00eacher\u00a0\u00bb, ironise Bassam.<\/p>\n<\/div>\n<p>Auteur: AFP<br \/>\n<a href=\"https:\/\/www.journalducameroun.com\/israel-interdit-lentree-sur-son-territoire-a-deux-elues-americaines-2\/\">Cliquez ici pour lire l&rsquo;article depuis sa source.<\/a><\/p>\n","protected":false},"excerpt":{"rendered":"<p>Publi\u00e9 le 15.08.2019 \u00e0 18h50 par AFP Les autorit\u00e9s isra\u00e9liennes ont interdit jeudi \u00e0 deux \u00e9lues am\u00e9ricaines d\u2019entrer en Isra\u00ebl en raison de leur soutien \u00e0 la campagne de boycott de l\u2019Etat h\u00e9breu et \u00e0 la suite d\u2019une demande du pr\u00e9sident Donald Trump. Ilhan Omar et Rashida Tlaib, les deux premi\u00e8res femmes musulmanes \u00e9lues au [&hellip;]<\/p>\n","protected":false},"author":1965,"featured_media":0,"comment_status":"closed","ping_status":"closed","sticky":false,"template":"","format":"standard","meta":{"fifu_image_url":"","fifu_image_alt":"","footnotes":""},"categories":[73,82],"tags":[],"class_list":["post-51860","post","type-post","status-publish","format-standard","hentry","category-actualite","category-cameroun"],"_links":{"self":[{"href":"https:\/\/linitiative.ca\/International\/wp-json\/wp\/v2\/posts\/51860","targetHints":{"allow":["GET"]}}],"collection":[{"href":"https:\/\/linitiative.ca\/International\/wp-json\/wp\/v2\/posts"}],"about":[{"href":"https:\/\/linitiative.ca\/International\/wp-json\/wp\/v2\/types\/post"}],"author":[{"embeddable":true,"href":"https:\/\/linitiative.ca\/International\/wp-json\/wp\/v2\/users\/1965"}],"replies":[{"embeddable":true,"href":"https:\/\/linitiative.ca\/International\/wp-json\/wp\/v2\/comments?post=51860"}],"version-history":[{"count":0,"href":"https:\/\/linitiative.ca\/International\/wp-json\/wp\/v2\/posts\/51860\/revisions"}],"wp:attachment":[{"href":"https:\/\/linitiative.ca\/International\/wp-json\/wp\/v2\/media?parent=51860"}],"wp:term":[{"taxonomy":"category","embeddable":true,"href":"https:\/\/linitiative.ca\/International\/wp-json\/wp\/v2\/categories?post=51860"},{"taxonomy":"post_tag","embeddable":true,"href":"https:\/\/linitiative.ca\/International\/wp-json\/wp\/v2\/tags?post=51860"}],"curies":[{"name":"wp","href":"https:\/\/api.w.org\/{rel}","templated":true}]}}