{"id":51861,"date":"2019-08-15T14:50:02","date_gmt":"2019-08-15T18:50:02","guid":{"rendered":"https:\/\/linitiative.ca\/International\/deux-palestiniens-blessent-un-policier-israelien-lun-deux-tue\/"},"modified":"2019-08-15T14:50:02","modified_gmt":"2019-08-15T18:50:02","slug":"deux-palestiniens-blessent-un-policier-israelien-lun-deux-tue","status":"publish","type":"post","link":"https:\/\/linitiative.ca\/International\/deux-palestiniens-blessent-un-policier-israelien-lun-deux-tue\/","title":{"rendered":"Deux Palestiniens blessent un policier isra\u00e9lien, l\u2019un d\u2019eux tu\u00e9"},"content":{"rendered":"<div readability=\"32\">\n<p>Publi\u00e9 le 15.08.2019 \u00e0 19h50 par AFP<\/p>\n<\/div>\n<div readability=\"72\">\n<p>Deux mineurs palestiniens ont poignard\u00e9 et bless\u00e9 \u00ab\u00a0l\u00e9g\u00e8rement\u00a0\u00bb jeudi un policier isra\u00e9lien dans la Vieille ville de J\u00e9rusalem, et l\u2019un d\u2019eux a \u00e9t\u00e9 tu\u00e9 dans des tirs de repr\u00e9sailles selon le minist\u00e8re de la Sant\u00e9 palestinien.<\/p>\n<p>Le deuxi\u00e8me mineur a \u00e9t\u00e9 \u00e9vacu\u00e9 dans un h\u00f4pital isra\u00e9lien qui a jug\u00e9 son \u00e9tat \u00ab\u00a0critique\u00a0\u00bb. Le Croissant-Rouge palestinien et la police isra\u00e9lienne ont \u00e9galement fait \u00e9tat d\u2019un troisi\u00e8me Palestinien bless\u00e9 \u00e0 la jambe et qui ne faisait pas partie des assaillants.<\/p>\n<p>Selon la police, l\u2019attaque a eu lieu \u00e0 l\u2019une des portes donnant sur l\u2019esplanade des Mosqu\u00e9es, dans la Vieille ville de J\u00e9rusalem.<\/p>\n<p>L\u2019acc\u00e8s \u00e0 ce site a \u00e9t\u00e9 interdit aux hommes de moins de 50 ans pour la pri\u00e8re du cr\u00e9puscule, selon le porte-parole du Waqf, un organisme musulman qui administre les lieux.<\/p>\n<p>Des affrontements entre policiers isra\u00e9liens et des musulmans sur l\u2019esplanade des Mosqu\u00e9es, haut lieu de tension \u00e0 J\u00e9rusalem, avaient fait dimanche des dizaines de bless\u00e9s palestiniens.<\/p>\n<p>Quatre policiers isra\u00e9liens avaient aussi \u00e9t\u00e9 bless\u00e9s lors de ces heurts au premier jour de la f\u00eate musulmane de l\u2019A\u00efd al-Adha, qui co\u00efncidait cette ann\u00e9e avec la comm\u00e9moration juive de Ticha Beav.<\/p>\n<p>Au c\u0153ur du conflit isra\u00e9lo-palestinien, l\u2019esplanade des Mosqu\u00e9es se trouve \u00e0 J\u00e9rusalem-Est, secteur palestinien de la ville occup\u00e9 depuis 1967 par Isra\u00ebl, qui l\u2019a ensuite annex\u00e9 sans que cela ne soit reconnu par la communaut\u00e9 internationale.<\/p>\n<p>L\u2019esplanade est le troisi\u00e8me lieu saint de l\u2019islam et le site le plus sacr\u00e9 pour les juifs car consid\u00e9r\u00e9 comme le lieu de leurs deux Temples, dont Ticha Beav comm\u00e9more la destruction, par les Babyloniens en 587 avant J.-C. puis par les Romains en l\u2019an 70.<\/p>\n<\/div>\n<p>Auteur: AFP<br \/>\n<a href=\"https:\/\/www.journalducameroun.com\/deux-palestiniens-blessent-un-policier-israelien-lun-deux-tue\/\">Cliquez ici pour lire l&rsquo;article depuis sa source.<\/a><\/p>\n","protected":false},"excerpt":{"rendered":"<p>Publi\u00e9 le 15.08.2019 \u00e0 19h50 par AFP Deux mineurs palestiniens ont poignard\u00e9 et bless\u00e9 \u00ab\u00a0l\u00e9g\u00e8rement\u00a0\u00bb jeudi un policier isra\u00e9lien dans la Vieille ville de J\u00e9rusalem, et l\u2019un d\u2019eux a \u00e9t\u00e9 tu\u00e9 dans des tirs de repr\u00e9sailles selon le minist\u00e8re de la Sant\u00e9 palestinien. Le deuxi\u00e8me mineur a \u00e9t\u00e9 \u00e9vacu\u00e9 dans un h\u00f4pital isra\u00e9lien qui a [&hellip;]<\/p>\n","protected":false},"author":1965,"featured_media":0,"comment_status":"closed","ping_status":"closed","sticky":false,"template":"","format":"standard","meta":{"fifu_image_url":"","fifu_image_alt":"","footnotes":""},"categories":[73,82],"tags":[],"class_list":["post-51861","post","type-post","status-publish","format-standard","hentry","category-actualite","category-cameroun"],"_links":{"self":[{"href":"https:\/\/linitiative.ca\/International\/wp-json\/wp\/v2\/posts\/51861","targetHints":{"allow":["GET"]}}],"collection":[{"href":"https:\/\/linitiative.ca\/International\/wp-json\/wp\/v2\/posts"}],"about":[{"href":"https:\/\/linitiative.ca\/International\/wp-json\/wp\/v2\/types\/post"}],"author":[{"embeddable":true,"href":"https:\/\/linitiative.ca\/International\/wp-json\/wp\/v2\/users\/1965"}],"replies":[{"embeddable":true,"href":"https:\/\/linitiative.ca\/International\/wp-json\/wp\/v2\/comments?post=51861"}],"version-history":[{"count":0,"href":"https:\/\/linitiative.ca\/International\/wp-json\/wp\/v2\/posts\/51861\/revisions"}],"wp:attachment":[{"href":"https:\/\/linitiative.ca\/International\/wp-json\/wp\/v2\/media?parent=51861"}],"wp:term":[{"taxonomy":"category","embeddable":true,"href":"https:\/\/linitiative.ca\/International\/wp-json\/wp\/v2\/categories?post=51861"},{"taxonomy":"post_tag","embeddable":true,"href":"https:\/\/linitiative.ca\/International\/wp-json\/wp\/v2\/tags?post=51861"}],"curies":[{"name":"wp","href":"https:\/\/api.w.org\/{rel}","templated":true}]}}