{"id":51862,"date":"2019-08-15T15:50:02","date_gmt":"2019-08-15T19:50:02","guid":{"rendered":"https:\/\/linitiative.ca\/International\/salvador-une-jeune-femme-a-nouveau-jugee-pour-homicide-apres-avoir-perdu-son-bebe\/"},"modified":"2019-08-15T15:50:02","modified_gmt":"2019-08-15T19:50:02","slug":"salvador-une-jeune-femme-a-nouveau-jugee-pour-homicide-apres-avoir-perdu-son-bebe","status":"publish","type":"post","link":"https:\/\/linitiative.ca\/International\/salvador-une-jeune-femme-a-nouveau-jugee-pour-homicide-apres-avoir-perdu-son-bebe\/","title":{"rendered":"Salvador : une jeune femme \u00e0 nouveau jug\u00e9e pour homicide apr\u00e8s avoir perdu son b\u00e9b\u00e9"},"content":{"rendered":"<div readability=\"32\">\n<p>Publi\u00e9 le 15.08.2019 \u00e0 20h50 par AFP<\/p>\n<\/div>\n<div readability=\"93\">\n<p>La justice du Salvador jugeait \u00e0 nouveau \u00e0 partir de jeudi pour homicide Evelyn Hernandez, une jeune femme qui a perdu son b\u00e9b\u00e9, dans ce pays o\u00f9 la l\u00e9gislation anti-IVG est l\u2019une des plus strictes du monde.<\/p>\n<p>Evelyn Hernandez, d\u00e9sormais \u00e2g\u00e9e de 21 ans mais adolescente au moment des faits, avait d\u00e9j\u00e0 \u00e9t\u00e9 condamn\u00e9e en juillet 2017 \u00e0 30 ans de prison mais la d\u00e9cision avait \u00e9t\u00e9 annul\u00e9e en f\u00e9vrier par la Cour supr\u00eame, apr\u00e8s 33 mois pass\u00e9s derri\u00e8re les barreaux.<\/p>\n<p>\u00ab\u00a0Je veux juste dire que je suis innocente\u00a0\u00bb et \u00ab\u00a0je sais qu\u2019il (le juge) va me rendre justice\u00a0\u00bb, a d\u00e9clar\u00e9 \u00e0 son arriv\u00e9e au tribunal la jeune femme, pantalon noir et haut gris, qui a toujours expliqu\u00e9 que le b\u00e9b\u00e9 \u00e9tait mort-n\u00e9.<\/p>\n<p>Pour ce deuxi\u00e8me proc\u00e8s, le minist\u00e8re public salvadorien a chang\u00e9 de chef d\u2019inculpation : Evelyn Hernandez n\u2019est plus accus\u00e9e d\u2019homicide aggrav\u00e9 avec pr\u00e9m\u00e9ditation mais d\u2019homicide aggrav\u00e9 par n\u00e9gligence. Elle encourt 30 \u00e0 50 ans de prison, selon la d\u00e9fense.<\/p>\n<p>L\u2019affaire remonte au 6 avril 2016, lorsque la jeune femme donne naissance \u00e0 un b\u00e9b\u00e9 dans des toilettes. Transf\u00e9r\u00e9e \u00e0 l\u2019h\u00f4pital de la ville de Cojutepeque (centre), elle est arr\u00eat\u00e9e et accus\u00e9e d\u2019homicide, a expliqu\u00e9 son avocate Elizabeth Deras \u00e0 l\u2019AFP.<\/p>\n<p>Dans un premier temps, il avait \u00e9t\u00e9 dit qu\u2019Evelyn Hernandez \u00e9tait tomb\u00e9e enceinte apr\u00e8s un viol, mais son avocate a expliqu\u00e9, sans donner plus de d\u00e9tails, pr\u00e9f\u00e9rer ne plus \u00e9voquer ces circonstances \u00e0 la demande de la jeune femme qui habite dans un quartier contr\u00f4l\u00e9 par les gangs et pourrait faire l\u2019objet de repr\u00e9sailles.<\/p>\n<p>Aux cris de \u00ab\u00a0Libert\u00e9 pour Evelyn !\u00a0\u00bb et \u00ab\u00a0A bas le patriarcat !\u00a0\u00bb, une cinquantaine de f\u00e9ministes ont protest\u00e9 devant le tribunal de Ciudad Delgado, au nord-est de San Salvador, la capitale.<\/p>\n<p>Au Salvador, le code p\u00e9nal pr\u00e9voit une peine de deux \u00e0 huit ans de prison pour les cas d\u2019avortement, mais, dans les faits, les juges consid\u00e8rent toute perte du b\u00e9b\u00e9 comme un \u00ab\u00a0homicide aggrav\u00e9\u00a0\u00bb, puni de 30 \u00e0 50 ans de r\u00e9clusion.<\/p>\n<p>Actuellement, 16 femmes sont en prison au Salvador pour des avortements. Au cours des derniers mois, cinq femmes condamn\u00e9es pour des cas similaires ont \u00e9t\u00e9 remises en libert\u00e9.<\/p>\n<\/div>\n<p>Auteur: AFP<br \/>\n<a href=\"https:\/\/www.journalducameroun.com\/salvador-une-jeune-femme-a-nouveau-jugee-pour-homicide-apres-avoir-perdu-son-bebe\/\">Cliquez ici pour lire l&rsquo;article depuis sa source.<\/a><\/p>\n","protected":false},"excerpt":{"rendered":"<p>Publi\u00e9 le 15.08.2019 \u00e0 20h50 par AFP La justice du Salvador jugeait \u00e0 nouveau \u00e0 partir de jeudi pour homicide Evelyn Hernandez, une jeune femme qui a perdu son b\u00e9b\u00e9, dans ce pays o\u00f9 la l\u00e9gislation anti-IVG est l\u2019une des plus strictes du monde. Evelyn Hernandez, d\u00e9sormais \u00e2g\u00e9e de 21 ans mais adolescente au moment [&hellip;]<\/p>\n","protected":false},"author":1965,"featured_media":0,"comment_status":"closed","ping_status":"closed","sticky":false,"template":"","format":"standard","meta":{"fifu_image_url":"","fifu_image_alt":"","footnotes":""},"categories":[73,82],"tags":[],"class_list":["post-51862","post","type-post","status-publish","format-standard","hentry","category-actualite","category-cameroun"],"_links":{"self":[{"href":"https:\/\/linitiative.ca\/International\/wp-json\/wp\/v2\/posts\/51862","targetHints":{"allow":["GET"]}}],"collection":[{"href":"https:\/\/linitiative.ca\/International\/wp-json\/wp\/v2\/posts"}],"about":[{"href":"https:\/\/linitiative.ca\/International\/wp-json\/wp\/v2\/types\/post"}],"author":[{"embeddable":true,"href":"https:\/\/linitiative.ca\/International\/wp-json\/wp\/v2\/users\/1965"}],"replies":[{"embeddable":true,"href":"https:\/\/linitiative.ca\/International\/wp-json\/wp\/v2\/comments?post=51862"}],"version-history":[{"count":0,"href":"https:\/\/linitiative.ca\/International\/wp-json\/wp\/v2\/posts\/51862\/revisions"}],"wp:attachment":[{"href":"https:\/\/linitiative.ca\/International\/wp-json\/wp\/v2\/media?parent=51862"}],"wp:term":[{"taxonomy":"category","embeddable":true,"href":"https:\/\/linitiative.ca\/International\/wp-json\/wp\/v2\/categories?post=51862"},{"taxonomy":"post_tag","embeddable":true,"href":"https:\/\/linitiative.ca\/International\/wp-json\/wp\/v2\/tags?post=51862"}],"curies":[{"name":"wp","href":"https:\/\/api.w.org\/{rel}","templated":true}]}}