{"id":51863,"date":"2019-08-15T17:18:03","date_gmt":"2019-08-15T21:18:03","guid":{"rendered":"https:\/\/linitiative.ca\/International\/maroc-vaste-mouvement-de-greve-dans-les-hopitaux-et-centres-de-sante-publics\/"},"modified":"2019-08-15T17:18:03","modified_gmt":"2019-08-15T21:18:03","slug":"maroc-vaste-mouvement-de-greve-dans-les-hopitaux-et-centres-de-sante-publics","status":"publish","type":"post","link":"https:\/\/linitiative.ca\/International\/maroc-vaste-mouvement-de-greve-dans-les-hopitaux-et-centres-de-sante-publics\/","title":{"rendered":"Maroc : Vaste mouvement de gr\u00e8ve dans les h\u00f4pitaux et centres de sant\u00e9 publics"},"content":{"rendered":"<div readability=\"32\">\n<p>Publi\u00e9 le 15.08.2019 \u00e0 22h18 par APA News<\/p>\n<\/div>\n<div readability=\"68\">\n<p>Les m\u00e9decins du secteur public au Maroc ont observ\u00e9, ce jeudi, un vaste mouvement de gr\u00e8ve, qui a affect\u00e9 aussi bien h\u00f4pitaux publics que les facult\u00e9s.Les m\u00e9decins du secteur public revendiquent l\u2019am\u00e9lioration des conditions de travail, la cr\u00e9ation de deux nouveaux grades ainsi que la r\u00e9vision du d\u00e9cret relatif \u00e0 la garde et \u00e0 l\u2019astreinte qui est jug\u00e9 \u00ab inhumain \u00bb par les m\u00e9decins du secteur.<\/p>\n<p>\u00c0 rappeler que les m\u00e9decins avaient d\u00e9j\u00e0 hauss\u00e9 le ton contre le minist\u00e8re de tutelle en annon\u00e7ant une s\u00e9rie de d\u00e9missions l\u2019ann\u00e9e derni\u00e8re. Selon un communiqu\u00e9 du bureau national du syndicat ind\u00e9pendant des m\u00e9decins du secteur public (SIMSP), ces d\u00e9missions ont d\u00e9pass\u00e9 les 1.000.<\/p>\n<p>D\u2019autres mouvements de protestation sont \u00e9galement programm\u00e9s. Il s\u2019agit notamment d\u2019une gr\u00e8ve nationale pr\u00e9vue le lundi 19 ao\u00fbt ainsi que de deux autres gr\u00e8ves programm\u00e9es les 22 et 23 du m\u00eame mois.<\/p>\n<p>\u00ab\u00a0Le minist\u00e8re de la Sant\u00e9 a lev\u00e9 la main sur notre dossier, malgr\u00e9 le fait qu\u2019il avoue sa l\u00e9gitimit\u00e9. Il d\u00e9clare clairement que ce n\u2019est pas \u00e0 lui de g\u00e9rer plusieurs points de notre dossier revendicatif, mais c\u2019est plut\u00f4t au gouvernement et au minist\u00e8re de l\u2019\u00c9conomie et des Finances de le faire. Or, aucune de ses trois parties ne fait bouger les choses. Et le m\u00e9decin du public au c\u00f4t\u00e9 du citoyen marocain se trouve face \u00e0 la r\u00e9alit\u00e9 douloureuse qui est un syst\u00e8me de sant\u00e9 effondr\u00e9 \u00bb a expliqu\u00e9 le Secr\u00e9taire g\u00e9n\u00e9ral national du SIMSP, Dr. Alaoui Mountadar.<\/p>\n<p>Selon lui, le probl\u00e8me r\u00e9side dans la gestion des ressources humaines. \u00ab C\u2019est bien d\u2019ouvrir des \u00e9tablissements de sant\u00e9, de les am\u00e9nager. Mais o\u00f9 est donc le personnel qui va g\u00e9rer ses infrastructures ? L\u2019\u00e9l\u00e9ment humain n\u2019est pas disponible et se fait de plus en plus rare. Ils ouvrent des \u00e9tablissements de sant\u00e9, mais il n\u2019y a pas personne pour y travailler. Et m\u00eame quand les m\u00e9decins acceptent de travailler dans ses \u00e9tablissements, ils effectuent des gardes non-stop et ne sont m\u00eame pas indemnis\u00e9s \u00bb, s\u2019est indign\u00e9 dans une d\u00e9claration au site \u00e9lectronique arabophone +Hespress+.<\/p>\n<\/div>\n<p>Auteur: APA News<br \/>\n<a href=\"https:\/\/www.journalducameroun.com\/maroc-vaste-mouvement-de-greve-dans-les-hopitaux-et-centres-de-sante-publics\/\">Cliquez ici pour lire l&rsquo;article depuis sa source.<\/a><\/p>\n","protected":false},"excerpt":{"rendered":"<p>Publi\u00e9 le 15.08.2019 \u00e0 22h18 par APA News Les m\u00e9decins du secteur public au Maroc ont observ\u00e9, ce jeudi, un vaste mouvement de gr\u00e8ve, qui a affect\u00e9 aussi bien h\u00f4pitaux publics que les facult\u00e9s.Les m\u00e9decins du secteur public revendiquent l\u2019am\u00e9lioration des conditions de travail, la cr\u00e9ation de deux nouveaux grades ainsi que la r\u00e9vision du [&hellip;]<\/p>\n","protected":false},"author":1965,"featured_media":0,"comment_status":"closed","ping_status":"closed","sticky":false,"template":"","format":"standard","meta":{"fifu_image_url":"","fifu_image_alt":"","footnotes":""},"categories":[73,82],"tags":[],"class_list":["post-51863","post","type-post","status-publish","format-standard","hentry","category-actualite","category-cameroun"],"_links":{"self":[{"href":"https:\/\/linitiative.ca\/International\/wp-json\/wp\/v2\/posts\/51863","targetHints":{"allow":["GET"]}}],"collection":[{"href":"https:\/\/linitiative.ca\/International\/wp-json\/wp\/v2\/posts"}],"about":[{"href":"https:\/\/linitiative.ca\/International\/wp-json\/wp\/v2\/types\/post"}],"author":[{"embeddable":true,"href":"https:\/\/linitiative.ca\/International\/wp-json\/wp\/v2\/users\/1965"}],"replies":[{"embeddable":true,"href":"https:\/\/linitiative.ca\/International\/wp-json\/wp\/v2\/comments?post=51863"}],"version-history":[{"count":0,"href":"https:\/\/linitiative.ca\/International\/wp-json\/wp\/v2\/posts\/51863\/revisions"}],"wp:attachment":[{"href":"https:\/\/linitiative.ca\/International\/wp-json\/wp\/v2\/media?parent=51863"}],"wp:term":[{"taxonomy":"category","embeddable":true,"href":"https:\/\/linitiative.ca\/International\/wp-json\/wp\/v2\/categories?post=51863"},{"taxonomy":"post_tag","embeddable":true,"href":"https:\/\/linitiative.ca\/International\/wp-json\/wp\/v2\/tags?post=51863"}],"curies":[{"name":"wp","href":"https:\/\/api.w.org\/{rel}","templated":true}]}}