{"id":51864,"date":"2019-08-15T17:18:07","date_gmt":"2019-08-15T21:18:07","guid":{"rendered":"https:\/\/linitiative.ca\/International\/egypte-le-caire-abrite-la-28eme-edition-du-festival-de-la-citadelle\/"},"modified":"2019-08-15T17:18:07","modified_gmt":"2019-08-15T21:18:07","slug":"egypte-le-caire-abrite-la-28eme-edition-du-festival-de-la-citadelle","status":"publish","type":"post","link":"https:\/\/linitiative.ca\/International\/egypte-le-caire-abrite-la-28eme-edition-du-festival-de-la-citadelle\/","title":{"rendered":"Egypte : Le Caire abrite la 28\u00e8me \u00e9dition du festival de la Citadelle"},"content":{"rendered":"<div readability=\"32\">\n<p>Publi\u00e9 le 15.08.2019 \u00e0 22h18 par APA News<\/p>\n<\/div>\n<div readability=\"60\">\n<p>La 28\u00e8me \u00e9dition du festival de la Citadelle (Al-Kalaa) entamera ses activit\u00e9s dimanche 18 ao\u00fbt avec au programme 42 spectacles artistiques et des productions th\u00e9\u00e2trales ex\u00e9cut\u00e9es par plusieurs troupes africaines.Par Mohamed Fayed<\/p>\n<p>Initi\u00e9 par la Maison de l\u2019Op\u00e9ra en partenariat avec le minist\u00e8re \u00e9gyptien du Patrimoine, ce Festival international de musique et de chant a pour objectif de transf\u00e9rer les repr\u00e9sentations et les concerts de l\u2019op\u00e9ra du Caire, d\u2019Alexandrie et de Damanhour \u00e0 tous les segments de la soci\u00e9t\u00e9, o\u00f9 des concerts sont organis\u00e9s \u00e0 des prix r\u00e9duits.<\/p>\n<p>Cette \u00e9dition, qui coincide avec la pr\u00e9sidence de l\u2019Egypte de l\u2019Union africaine, verra la participation d\u2019artistes et de troupes venant de Tunisie, d\u2019Alg\u00e9rie, de Guin\u00e9e et de Namibie.<\/p>\n<p>Un hommage sera \u00e9galement rendu \u00e0 10 c\u00e9l\u00e8bres chanteurs \u00e9gyptiens ayant marqu\u00e9e la sc\u00e8ne artistique \u00e9gyptienne et arabe, dont Ali Hajjar, Mohamed Al-Hilou et Nadia Mostafa.<\/p>\n<p>Le Festival, dont la premi\u00e8re \u00e9dition a eu lieu en 1990, est c\u00f4t\u00e9 d\u2019une grande popularit\u00e9 eu \u00e9gard \u00e0 la diversit\u00e9 de son programme artistique qui comprend de nombreux spectacles et des pi\u00e8ces th\u00e9\u00e2trales magistrales pr\u00eatant \u00e0 la r\u00e9flexion et \u00e0 la beaut\u00e9 artistique.<\/p>\n<\/div>\n<p>Auteur: APA News<br \/>\n<a href=\"https:\/\/www.journalducameroun.com\/egypte-le-caire-abrite-la-28eme-edition-du-festival-de-la-citadelle\/\">Cliquez ici pour lire l&rsquo;article depuis sa source.<\/a><\/p>\n","protected":false},"excerpt":{"rendered":"<p>Publi\u00e9 le 15.08.2019 \u00e0 22h18 par APA News La 28\u00e8me \u00e9dition du festival de la Citadelle (Al-Kalaa) entamera ses activit\u00e9s dimanche 18 ao\u00fbt avec au programme 42 spectacles artistiques et des productions th\u00e9\u00e2trales ex\u00e9cut\u00e9es par plusieurs troupes africaines.Par Mohamed Fayed Initi\u00e9 par la Maison de l\u2019Op\u00e9ra en partenariat avec le minist\u00e8re \u00e9gyptien du Patrimoine, ce [&hellip;]<\/p>\n","protected":false},"author":1965,"featured_media":0,"comment_status":"closed","ping_status":"closed","sticky":false,"template":"","format":"standard","meta":{"fifu_image_url":"","fifu_image_alt":"","footnotes":""},"categories":[73,82],"tags":[],"class_list":["post-51864","post","type-post","status-publish","format-standard","hentry","category-actualite","category-cameroun"],"_links":{"self":[{"href":"https:\/\/linitiative.ca\/International\/wp-json\/wp\/v2\/posts\/51864","targetHints":{"allow":["GET"]}}],"collection":[{"href":"https:\/\/linitiative.ca\/International\/wp-json\/wp\/v2\/posts"}],"about":[{"href":"https:\/\/linitiative.ca\/International\/wp-json\/wp\/v2\/types\/post"}],"author":[{"embeddable":true,"href":"https:\/\/linitiative.ca\/International\/wp-json\/wp\/v2\/users\/1965"}],"replies":[{"embeddable":true,"href":"https:\/\/linitiative.ca\/International\/wp-json\/wp\/v2\/comments?post=51864"}],"version-history":[{"count":0,"href":"https:\/\/linitiative.ca\/International\/wp-json\/wp\/v2\/posts\/51864\/revisions"}],"wp:attachment":[{"href":"https:\/\/linitiative.ca\/International\/wp-json\/wp\/v2\/media?parent=51864"}],"wp:term":[{"taxonomy":"category","embeddable":true,"href":"https:\/\/linitiative.ca\/International\/wp-json\/wp\/v2\/categories?post=51864"},{"taxonomy":"post_tag","embeddable":true,"href":"https:\/\/linitiative.ca\/International\/wp-json\/wp\/v2\/tags?post=51864"}],"curies":[{"name":"wp","href":"https:\/\/api.w.org\/{rel}","templated":true}]}}