{"id":51865,"date":"2019-08-15T17:18:09","date_gmt":"2019-08-15T21:18:09","guid":{"rendered":"https:\/\/linitiative.ca\/International\/mauritanie-des-prieres-collectives-dans-les-mosquees-pour-un-bon-hivernage\/"},"modified":"2019-08-15T17:18:09","modified_gmt":"2019-08-15T21:18:09","slug":"mauritanie-des-prieres-collectives-dans-les-mosquees-pour-un-bon-hivernage","status":"publish","type":"post","link":"https:\/\/linitiative.ca\/International\/mauritanie-des-prieres-collectives-dans-les-mosquees-pour-un-bon-hivernage\/","title":{"rendered":"Mauritanie: Des pri\u00e8res collectives dans les mosqu\u00e9es pour un bon hivernage"},"content":{"rendered":"<div readability=\"32\">\n<p>Publi\u00e9 le 15.08.2019 \u00e0 22h18 par APA News<\/p>\n<\/div>\n<div readability=\"46\">\n<p>Les mosqu\u00e9es mauritaniennes ont re\u00e7u l\u2019ordre de faire des pri\u00e8res collectives pour un bon hivernage a appris APA de sources religieuses ce jeudi \u00e0 Nouakchott.Cet ordre a \u00e9t\u00e9 adress\u00e9 \u00e0 travers une note circulaire \u00e9manant du minist\u00e8re mauritanien des Affaires islamiques et de l\u2019Enseignement originel, ont pr\u00e9cis\u00e9 les m\u00eames sources.<\/p>\n<p>La Mauritanie connait cette ann\u00e9e un retard des pluies qui est d\u2019autant plus inqui\u00e9tant qu\u2019il intervient suite \u00e0 trois saisons pluviom\u00e9triques fortement d\u00e9ficitaires.<\/p>\n<p>Cette situation embarrasse les \u00e9leveurs et les agriculteurs qui repr\u00e9sentent une bonne partie de la force \u00e9conomique active en Mauritanie.<\/p>\n<p>Dans sa note circulaire, le minist\u00e8re a ordonn\u00e9 que la pri\u00e8re collective de la pluie soit effectu\u00e9e vendredi \u00e0 10H dans toutes les mosqu\u00e9es du pays.<\/p>\n<\/div>\n<p>Auteur: APA News<br \/>\n<a href=\"https:\/\/www.journalducameroun.com\/mauritanie-des-prieres-collectives-dans-les-mosquees-pour-un-bon-hivernage\/\">Cliquez ici pour lire l&rsquo;article depuis sa source.<\/a><\/p>\n","protected":false},"excerpt":{"rendered":"<p>Publi\u00e9 le 15.08.2019 \u00e0 22h18 par APA News Les mosqu\u00e9es mauritaniennes ont re\u00e7u l\u2019ordre de faire des pri\u00e8res collectives pour un bon hivernage a appris APA de sources religieuses ce jeudi \u00e0 Nouakchott.Cet ordre a \u00e9t\u00e9 adress\u00e9 \u00e0 travers une note circulaire \u00e9manant du minist\u00e8re mauritanien des Affaires islamiques et de l\u2019Enseignement originel, ont pr\u00e9cis\u00e9 [&hellip;]<\/p>\n","protected":false},"author":1965,"featured_media":0,"comment_status":"closed","ping_status":"closed","sticky":false,"template":"","format":"standard","meta":{"fifu_image_url":"","fifu_image_alt":"","footnotes":""},"categories":[73,82],"tags":[],"class_list":["post-51865","post","type-post","status-publish","format-standard","hentry","category-actualite","category-cameroun"],"_links":{"self":[{"href":"https:\/\/linitiative.ca\/International\/wp-json\/wp\/v2\/posts\/51865","targetHints":{"allow":["GET"]}}],"collection":[{"href":"https:\/\/linitiative.ca\/International\/wp-json\/wp\/v2\/posts"}],"about":[{"href":"https:\/\/linitiative.ca\/International\/wp-json\/wp\/v2\/types\/post"}],"author":[{"embeddable":true,"href":"https:\/\/linitiative.ca\/International\/wp-json\/wp\/v2\/users\/1965"}],"replies":[{"embeddable":true,"href":"https:\/\/linitiative.ca\/International\/wp-json\/wp\/v2\/comments?post=51865"}],"version-history":[{"count":0,"href":"https:\/\/linitiative.ca\/International\/wp-json\/wp\/v2\/posts\/51865\/revisions"}],"wp:attachment":[{"href":"https:\/\/linitiative.ca\/International\/wp-json\/wp\/v2\/media?parent=51865"}],"wp:term":[{"taxonomy":"category","embeddable":true,"href":"https:\/\/linitiative.ca\/International\/wp-json\/wp\/v2\/categories?post=51865"},{"taxonomy":"post_tag","embeddable":true,"href":"https:\/\/linitiative.ca\/International\/wp-json\/wp\/v2\/tags?post=51865"}],"curies":[{"name":"wp","href":"https:\/\/api.w.org\/{rel}","templated":true}]}}