{"id":53631,"date":"2019-08-16T06:00:04","date_gmt":"2019-08-16T10:00:04","guid":{"rendered":"https:\/\/linitiative.ca\/International\/une-greve-de-5-jours-a-lhorizon-et-1-300-demissions-attendues\/"},"modified":"2019-08-16T06:00:04","modified_gmt":"2019-08-16T10:00:04","slug":"une-greve-de-5-jours-a-lhorizon-et-1-300-demissions-attendues","status":"publish","type":"post","link":"https:\/\/linitiative.ca\/International\/une-greve-de-5-jours-a-lhorizon-et-1-300-demissions-attendues\/","title":{"rendered":"Une gr\u00e8ve de 5 jours  \u00e0 l\u2019horizon et 1.300 d\u00e9missions attendues"},"content":{"rendered":"<p><img decoding=\"async\" class=\"post_layout_5_img\" src=\"http:\/\/aujourdhui.ma\/wp-content\/uploads\/2019\/08\/Greve-Medecins-Maroc.jpg?x29840\" alt=\"Une gr\u00e8ve de 5 jours \u00e0 l\u2019horizon et 1.300 d\u00e9missions attendues\"\/><\/p>\n<p class=\"p1\"><span class=\"c4\"><strong>Paralysie dans les h\u00f4pitaux publics pendant la 2\u00e8me moiti\u00e9 du mois d\u2019ao\u00fbt<\/strong><\/span><span id=\"more-317029\"\/><\/p>\n<div class=\"base-box mom_box_sc_custom mom_box_sc clear c5\" readability=\"9\">\n<p class=\"p1\"><em><strong>Par ce mouvement revendicatif, les gr\u00e9vistes entendent exprimer leur ras-le-bol face aux conditions de travail d\u00e9plorables dans les h\u00f4pitaux publics et le manque de moyens humains et mat\u00e9riels.<\/strong><\/em><\/p>\n<\/div>\n<p class=\"p1\"><span class=\"s1\">La tension est \u00e0 son comble entre les m\u00e9decins du secteur public et le minist\u00e8re de la sant\u00e9. En effet, les praticiens sont en col\u00e8re et comptent mener une gr\u00e8ve de 5 jours durant la seconde moiti\u00e9 du mois d\u2019ao\u00fbt. Ainsi, le Syndicat ind\u00e9pendant des m\u00e9decins du secteur public (SIMSP) pr\u00e9voit une s\u00e9rie de gr\u00e8ves nationales les 15, 16, 19, 22 et 23 except\u00e9 les services d\u2019urgence et de r\u00e9animation.<\/span><\/p>\n<p class=\"p1\"><span class=\"s1\">En attendant que la tutelle se penche sur leur dossier revendicatif et apporte des solutions, cette situation risque de paralyser les h\u00f4pitaux publics et les services de sant\u00e9 durant cette p\u00e9riode estivale. \u00abO\u00f9 est le gouvernement marocain face aux revendications du m\u00e9decin et l\u2019effondrement du syst\u00e8me de sant\u00e9 ?\u00bb, c\u2019est ainsi que s\u2019interroge le syndicat en pointant du doigt l\u2019immobilisme du minist\u00e8re face aux demandes des professionnels du secteur.<\/span><\/p>\n<p class=\"p1\"><span class=\"s1\">Par ce mouvement revendicatif, les gr\u00e9vistes entendent donc exprimer leur ras-le-bol face aux conditions de travail d\u00e9plorables dans les h\u00f4pitaux publics et le manque de moyens humains et mat\u00e9riels. Ils r\u00e9clament aussi des \u00e9quipements et des moyens logistiques n\u00e9cessaires au traitement des cas urgents.<\/span><\/p>\n<p class=\"p3\"><span class=\"s1\"><strong>Les m\u00e9decins du public jettent l\u2019\u00e9ponge<\/strong><\/span><\/p>\n<p class=\"p1\"><span class=\"s1\">Le mal est profond. En t\u00e9moigne le nombre de d\u00e9missions des m\u00e9decins qui devra atteindre plus de 1.300 \u00e0 fin ao\u00fbt 2019. Dans le d\u00e9tail, 306 d\u00e9missions seront d\u00e9pos\u00e9es avant la rentr\u00e9e prochaine et s\u2019ajouteront aux 1.000 d\u00e9missions collectives d\u00e9j\u00e0 enregistr\u00e9es \u00e0 ce jour signalant qu\u2019\u00e0 partir de la rentr\u00e9e les m\u00e9decins entameront les d\u00e9missions \u00e0 titre individuel, comme le demande le minist\u00e8re de la sant\u00e9.<\/span><\/p>\n<p class=\"p1\"><span class=\"s1\">Selon Abdellah Alaoui Mountadar, secr\u00e9taire g\u00e9n\u00e9ral national du SIMSP, les efforts fournis pour le secteur de sant\u00e9 ne prennent pas en consid\u00e9ration l\u2019\u00e9l\u00e9ment humain estimant que toute r\u00e9forme ne mettant pas en valeur les moyens humains restera creuse. Le SG du SIMSP revendique l\u2019am\u00e9lioration des conditions de travail dans les \u00e9tablissements de sant\u00e9 et l\u2019am\u00e9lioration des conditions d\u2019accueil des citoyens respectant leur dignit\u00e9 et leur droit \u00e0 la sant\u00e9 conform\u00e9ment \u00e0 la Constitution.<\/span><\/p>\n<p class=\"p3\"><strong><span class=\"s1\">3 ans d\u2019actions \u00abnon-stop\u00bb : Le minist\u00e8re fait\u00a0<\/span><span class=\"s1\">la sourde oreille<\/span><\/strong><\/p>\n<p class=\"p1\"><span class=\"s1\">Depuis trois ans les m\u00e9decins du public ont entam\u00e9 plusieurs actions afin de se faire entendre. Plusieurs \u00e9tapes ont marqu\u00e9 cette p\u00e9riode (21 d\u00e9cembre 2015, 26 octobre 2018 et aussi le 24 d\u00e9cembre 2018) aboutissant \u00e0 chaque fois \u00e0 la reconnaissance des demandes du dossier revendicatif des m\u00e9decins gr\u00e9vistes donnant ainsi espoir aux m\u00e9decins gr\u00e9vistes. N\u00e9anmoins, ces demandes sont rest\u00e9es lettre morte, ce qui pousse le syndicat \u00e0 continuer de mener ses actions.<\/span><\/p>\n<p class=\"p1\"><span class=\"s1\">Selon le SG du SIMSP, ces accords ne contiennent pas d\u2019\u00e9ch\u00e9ances pour leur application. Les m\u00e9decins du public r\u00e9clament des conditions m\u00e9dicales et scientifiques au sein des \u00e9tablissements de sant\u00e9, l\u2019application de l\u2019indice \u00ab509\u00bb avec toutes ses indemnit\u00e9s et l\u2019\u00e9quivalence de leur dipl\u00f4me de m\u00e9decin qui est encore consid\u00e9r\u00e9 comme \u00abMaster\u00bb et non un \u00abDoctorat\u00bb. \u00abIl est inconcevable que les m\u00e9decins qui ont un bac+13 ou un bac+15 touchent un salaire de 8.000 dirhams. D\u2019autant plus que ces m\u00e9decins travaillent dans des horaires tr\u00e8s contraignants\u00bb, estime Abdellah Alaoui Mountadar signalant par la m\u00eame occasion les conditions parfois inhumaines de la garde obligatoire que subissent certains m\u00e9decins seuls dans leur service dans des r\u00e9gions \u00e9loign\u00e9es.<\/span><\/p>\n<p class=\"p1\"><strong><span class=\"s1 c6\">La p\u00e9nurie des m\u00e9decins dans les h\u00f4pitaux publics annonce la \u00abmort clinique\u00bb du secteur<\/span><\/strong><\/p>\n<p class=\"p1\"><span class=\"s1\"><a href=\"http:\/\/aujourdhui.ma\/wp-content\/uploads\/2019\/08\/Hopital-Public-Maroc.jpg?x29840\"><img loading=\"lazy\" decoding=\"async\" class=\"wp-image-317034 alignleft\" src=\"http:\/\/aujourdhui.ma\/wp-content\/uploads\/2019\/08\/Hopital-Public-Maroc.jpg?x29840\" alt=\"\" width=\"374\" height=\"190\" srcset=\"http:\/\/aujourdhui.ma\/wp-content\/uploads\/2019\/08\/Hopital-Public-Maroc.jpg 746w, http:\/\/aujourdhui.ma\/wp-content\/uploads\/2019\/08\/Hopital-Public-Maroc-300x153.jpg 300w\" sizes=\"auto, (max-width: 374px) 100vw, 374px\"\/><\/a>Le Maroc manque cruellement de personnel de sant\u00e9 dans ses h\u00f4pitaux publics et les premiers \u00e0 en p\u00e2tir sont les patients. Selon le Syndicat ind\u00e9pendant des m\u00e9decins du secteur public (SIMSP), le secteur de sant\u00e9 est dans un \u00e9tat de \u00abmort clinique\u00bb.<\/span><\/p>\n<p class=\"p1\"><span class=\"s1\">Car malgr\u00e9 les multiples tentatives de dialogue avec le minist\u00e8re de la sant\u00e9, les revendications des m\u00e9decins du public ne semblent pas trouver \u00e9cho. Ajouter \u00e0 cela la p\u00e9nurie du personnel de sant\u00e9 qui n\u2019arrange pas les choses puisque seules quelques dizaines de m\u00e9decins g\u00e9n\u00e9ralistes ont rejoint la fonction publique cette ann\u00e9e sachant que 500 postes budg\u00e9taires ont \u00e9t\u00e9 ouverts sur cette p\u00e9riode.<\/span><\/p>\n<p class=\"p1\"><span class=\"s1\">Pour le syndicat, cela signifie que 400 postes ne trouvent pas preneur. Pour ce qui est des m\u00e9decins sp\u00e9cialis\u00e9s, le SIMSP pr\u00e9cise que cette ann\u00e9e compte 200 nouveaux m\u00e9decins sp\u00e9cialis\u00e9s seulement, soit le plus faible nombre jamais enregistr\u00e9 pour le secteur estimant que c\u2019est un v\u00e9ritable \u00e9chec de la tutelle.<\/span><\/p>\n<div class=\"base-box mom_box_sc_custom mom_box_sc clear c8\" readability=\"33\">\n<p class=\"p1\"><span class=\"c7\"><strong><span class=\"s1\">Conflit social : Le boycott continue<\/span><\/strong><\/span><\/p>\n<p class=\"p1\"><span class=\"s1\"><a href=\"http:\/\/aujourdhui.ma\/wp-content\/uploads\/2019\/08\/Greve-Medecins-Maroc-.jpg?x29840\"><img loading=\"lazy\" decoding=\"async\" class=\"wp-image-317032 alignleft\" src=\"http:\/\/aujourdhui.ma\/wp-content\/uploads\/2019\/08\/Greve-Medecins-Maroc-.jpg?x29840\" alt=\"\" width=\"425\" height=\"216\" srcset=\"http:\/\/aujourdhui.ma\/wp-content\/uploads\/2019\/08\/Greve-Medecins-Maroc-.jpg 746w, http:\/\/aujourdhui.ma\/wp-content\/uploads\/2019\/08\/Greve-Medecins-Maroc--300x153.jpg 300w\" sizes=\"auto, (max-width: 425px) 100vw, 425px\"\/><\/a>Apr\u00e8s la semaine de col\u00e8re organis\u00e9e du 22 au 28 juillet, les m\u00e9decins, pharmaciens et chirurgiens-dentistes affili\u00e9s au Syndicat ind\u00e9pendant des m\u00e9decins du secteur public (SIMSP) ne renoncent pas \u00e0 leur d\u00e9marche protestataire.<\/span><\/p>\n<p class=\"p1\"><span class=\"s1\">Ils continueront parall\u00e8lement \u00e0 boycotter les campagnes m\u00e9dicales, les prestations administratives, notamment les rapports p\u00e9riodiques, les statistiques \u00e0 l\u2019exception des maladies \u00e0 d\u00e9claration obligatoire, toutes les attestations \u00e0 l\u2019exception de celles de naissance ou de d\u00e9c\u00e8s, ainsi que les r\u00e9unions et les formations.<\/span><\/p>\n<p class=\"p1\"><span class=\"s1\">Le syndicat boycotte aussi les campagnes chirurgicales qu\u2019il consid\u00e8re al\u00e9atoires, qui ne respectent pas les normes m\u00e9dicales et les conditions de s\u00e9curit\u00e9 pour le patient. Notons que le minist\u00e8re s\u2019\u00e9tait engag\u00e9 \u00e0 acc\u00e9l\u00e9rer le versement des indemnit\u00e9s li\u00e9es \u00e0 la garde, l\u2019astreinte et la responsabilit\u00e9, mais aussi \u00e0 continuer, dans le cadre d\u2019un comit\u00e9 mixte, l\u2019\u00e9tude d\u2019autres points dont la r\u00e9vision du d\u00e9cret relatif \u00e0 la garde et l\u2019astreinte et sur une valorisation du statut de la m\u00e9decine g\u00e9n\u00e9rale<\/span><\/p>\n<\/div>\n<p>Auteur: Ouchagour Leila<br \/>\n<a href=\"http:\/\/aujourdhui.ma\/societe\/une-greve-de-5-jours-a-lhorizon-et-1-300-demissions-attendues\">Cliquez ici pour lire l&rsquo;article depuis sa source.<\/a><\/p>\n","protected":false},"excerpt":{"rendered":"<p>Paralysie dans les h\u00f4pitaux publics pendant la 2\u00e8me moiti\u00e9 du mois d\u2019ao\u00fbt Par ce mouvement revendicatif, les gr\u00e9vistes entendent exprimer leur ras-le-bol face aux conditions de travail d\u00e9plorables dans les h\u00f4pitaux publics et le manque de moyens humains et mat\u00e9riels. La tension est \u00e0 son comble entre les m\u00e9decins du secteur public et le minist\u00e8re [&hellip;]<\/p>\n","protected":false},"author":1759,"featured_media":0,"comment_status":"closed","ping_status":"closed","sticky":false,"template":"","format":"standard","meta":{"fifu_image_url":"","fifu_image_alt":"","footnotes":""},"categories":[73,54],"tags":[],"class_list":["post-53631","post","type-post","status-publish","format-standard","hentry","category-actualite","category-maroc"],"_links":{"self":[{"href":"https:\/\/linitiative.ca\/International\/wp-json\/wp\/v2\/posts\/53631","targetHints":{"allow":["GET"]}}],"collection":[{"href":"https:\/\/linitiative.ca\/International\/wp-json\/wp\/v2\/posts"}],"about":[{"href":"https:\/\/linitiative.ca\/International\/wp-json\/wp\/v2\/types\/post"}],"author":[{"embeddable":true,"href":"https:\/\/linitiative.ca\/International\/wp-json\/wp\/v2\/users\/1759"}],"replies":[{"embeddable":true,"href":"https:\/\/linitiative.ca\/International\/wp-json\/wp\/v2\/comments?post=53631"}],"version-history":[{"count":0,"href":"https:\/\/linitiative.ca\/International\/wp-json\/wp\/v2\/posts\/53631\/revisions"}],"wp:attachment":[{"href":"https:\/\/linitiative.ca\/International\/wp-json\/wp\/v2\/media?parent=53631"}],"wp:term":[{"taxonomy":"category","embeddable":true,"href":"https:\/\/linitiative.ca\/International\/wp-json\/wp\/v2\/categories?post=53631"},{"taxonomy":"post_tag","embeddable":true,"href":"https:\/\/linitiative.ca\/International\/wp-json\/wp\/v2\/tags?post=53631"}],"curies":[{"name":"wp","href":"https:\/\/api.w.org\/{rel}","templated":true}]}}