{"id":53632,"date":"2019-08-16T06:11:51","date_gmt":"2019-08-16T10:11:51","guid":{"rendered":"https:\/\/linitiative.ca\/International\/tanger-deux-arrestations-dans-une-affaire-de-coups-et-blessures-ayant-entraine-la-mort-dune-personne\/"},"modified":"2019-08-16T06:11:51","modified_gmt":"2019-08-16T10:11:51","slug":"tanger-deux-arrestations-dans-une-affaire-de-coups-et-blessures-ayant-entraine-la-mort-dune-personne","status":"publish","type":"post","link":"https:\/\/linitiative.ca\/International\/tanger-deux-arrestations-dans-une-affaire-de-coups-et-blessures-ayant-entraine-la-mort-dune-personne\/","title":{"rendered":"Tanger : Deux arrestations dans une affaire de coups et blessures ayant entra\u00een\u00e9 la mort d\u2019une personne"},"content":{"rendered":"<header>\n<\/header>\n<div class=\"entry-content clearfix\" readability=\"66\"><img decoding=\"async\" class=\"post_layout_5_img\" src=\"http:\/\/aujourdhui.ma\/wp-content\/uploads\/2016\/03\/Tueur-Crime-Couteau.jpg?x29840\" alt=\"Tanger : Deux arrestations dans une affaire de coups et blessures ayant entra\u00een\u00e9 la mort d\u2019une personne\"\/><\/p>\n<p class=\"p1\"><span class=\"c4\"><strong><span class=\"s1\">Des \u00e9l\u00e9ments de la Brigade de la police judiciaire de Bni Makada, relevant de la pr\u00e9fecture de police de Tanger, sont parvenus, mercredi, \u00e0 arr\u00eater deux individus aux ant\u00e9c\u00e9dents judiciaires, soup\u00e7onn\u00e9s d\u2019avoir particip\u00e9 \u00e0 une affaire de coups et blessures ayant entra\u00een\u00e9 la mort et de vol sous la menace de l\u2019arme blanche.<\/span><\/strong><\/span><span id=\"more-317031\"\/><\/p>\n<p class=\"p1\"><span class=\"s1\">Les \u00e9l\u00e9ments de la police judiciaire avaient arr\u00eat\u00e9, mercredi t\u00f4t dans la matin\u00e9e, un premier suspect pr\u00e8s de la sc\u00e8ne du crime, indique la Direction g\u00e9n\u00e9rale de la s\u00fbret\u00e9 nationale (DGSN) dans un communiqu\u00e9, faisant savoir que les enqu\u00eates et investigations men\u00e9es dans le cadre de cette affaire ont permis d\u2019interpeler les deux autres mis en cause, dont le principal suspect.<\/span><\/p>\n<p class=\"p1\"><span class=\"s1\">Les trois pr\u00e9venus, aux multiples ant\u00e9c\u00e9dents judiciaires, avaient perp\u00e9tr\u00e9, tard dans la nuit de mardi, un vol sous la menace de l\u2019arme blanche pr\u00e8s du cimeti\u00e8re \u00abSidi Bouhaja\u00bb \u00e0 Tanger, d\u00e9lestant deux victimes d\u2019une somme d\u2019argent et d\u2019un t\u00e9l\u00e9phone mobile, rappelle la m\u00eame source, ajoutant que le suspect principal a par la suite agress\u00e9 \u00e0 l\u2019arme blanche un habitant de ce m\u00eame quartier, qui a tent\u00e9 de l\u2019emp\u00eacher de s\u2019enfuir, lui infligeant des blessures ayant entra\u00een\u00e9 sa mort au cours de son \u00e9vacuation \u00e0 l\u2019h\u00f4pital. Les trois suspects ont \u00e9t\u00e9 plac\u00e9s en garde \u00e0 vue \u00e0 la disposition de l\u2019enqu\u00eate men\u00e9e sous la supervision du parquet comp\u00e9tent, en vue de d\u00e9terminer les tenants et les aboutissants de cette affaire, conclut le communiqu\u00e9.<\/span><\/p>\n<\/div>\n<p>Auteur: ALM<br \/>\n<a href=\"http:\/\/aujourdhui.ma\/faits-divers\/tanger-deux-arrestations-dans-une-affaire-de-coups-et-blessures-ayant-entraine-la-mort-dune-personne\">Cliquez ici pour lire l&rsquo;article depuis sa source.<\/a><\/p>\n","protected":false},"excerpt":{"rendered":"<p>Des \u00e9l\u00e9ments de la Brigade de la police judiciaire de Bni Makada, relevant de la pr\u00e9fecture de police de Tanger, sont parvenus, mercredi, \u00e0 arr\u00eater deux individus aux ant\u00e9c\u00e9dents judiciaires, soup\u00e7onn\u00e9s d\u2019avoir particip\u00e9 \u00e0 une affaire de coups et blessures ayant entra\u00een\u00e9 la mort et de vol sous la menace de l\u2019arme blanche. Les \u00e9l\u00e9ments [&hellip;]<\/p>\n","protected":false},"author":1759,"featured_media":0,"comment_status":"closed","ping_status":"closed","sticky":false,"template":"","format":"standard","meta":{"fifu_image_url":"","fifu_image_alt":"","footnotes":""},"categories":[73,54],"tags":[],"class_list":["post-53632","post","type-post","status-publish","format-standard","hentry","category-actualite","category-maroc"],"_links":{"self":[{"href":"https:\/\/linitiative.ca\/International\/wp-json\/wp\/v2\/posts\/53632","targetHints":{"allow":["GET"]}}],"collection":[{"href":"https:\/\/linitiative.ca\/International\/wp-json\/wp\/v2\/posts"}],"about":[{"href":"https:\/\/linitiative.ca\/International\/wp-json\/wp\/v2\/types\/post"}],"author":[{"embeddable":true,"href":"https:\/\/linitiative.ca\/International\/wp-json\/wp\/v2\/users\/1759"}],"replies":[{"embeddable":true,"href":"https:\/\/linitiative.ca\/International\/wp-json\/wp\/v2\/comments?post=53632"}],"version-history":[{"count":0,"href":"https:\/\/linitiative.ca\/International\/wp-json\/wp\/v2\/posts\/53632\/revisions"}],"wp:attachment":[{"href":"https:\/\/linitiative.ca\/International\/wp-json\/wp\/v2\/media?parent=53632"}],"wp:term":[{"taxonomy":"category","embeddable":true,"href":"https:\/\/linitiative.ca\/International\/wp-json\/wp\/v2\/categories?post=53632"},{"taxonomy":"post_tag","embeddable":true,"href":"https:\/\/linitiative.ca\/International\/wp-json\/wp\/v2\/tags?post=53632"}],"curies":[{"name":"wp","href":"https:\/\/api.w.org\/{rel}","templated":true}]}}