{"id":53634,"date":"2019-08-16T06:33:32","date_gmt":"2019-08-16T10:33:32","guid":{"rendered":"https:\/\/linitiative.ca\/International\/pour-presenter-ses-voeux-de-laid-al-adha-karima-skalli-lance-alhawa-rachiki\/"},"modified":"2019-08-16T06:33:32","modified_gmt":"2019-08-16T10:33:32","slug":"pour-presenter-ses-voeux-de-laid-al-adha-karima-skalli-lance-alhawa-rachiki","status":"publish","type":"post","link":"https:\/\/linitiative.ca\/International\/pour-presenter-ses-voeux-de-laid-al-adha-karima-skalli-lance-alhawa-rachiki\/","title":{"rendered":"Pour pr\u00e9senter ses v\u0153ux de l\u2019A\u00efd Al Adha : Karima Skalli lance \u00abAlhawa rachiki\u00bb"},"content":{"rendered":"<p><img decoding=\"async\" class=\"post_layout_5_img\" src=\"http:\/\/aujourdhui.ma\/wp-content\/uploads\/2019\/08\/karima-skalli.jpg?x29840\" alt=\"Pour pr\u00e9senter ses v\u0153ux de l\u2019A\u00efd Al Adha : Karima Skalli lance \u00abAlhawa rachiki\u00bb\"\/><\/p>\n<p class=\"p1\"><span class=\"c4\"><strong><em>Pour elle, l\u2019art n\u2019est que la cr\u00e9ativit\u00e9 \u00e9manant de son \u00e9quilibre spirituel et sa d\u00e9licatesse d\u2019\u00e9motion, chose qui cr\u00e9e un rapport \u00e9troit entre cet art et le soufisme.<\/em><\/strong><\/span> <span id=\"more-317056\"\/><\/p>\n<p class=\"p1\"><span class=\"s1\">Il est judicieux de lancer une \u0153uvre soufie \u00e0 l\u2019occasion d\u2019une f\u00eate religieuse. Le choix est fait par la diva marocaine, Karima Skalli, qui vient de sortir, mercredi dernier, troisi\u00e8me jour apr\u00e8s la c\u00e9l\u00e9bration de cet \u00e9v\u00e9nement spirituel, sa nouvelle chanson intitul\u00e9e \u00abAlhawa rachiki\u00bb (La passion m\u2019a cibl\u00e9e) pour exprimer l\u2019amour divin. \u00abJe l\u2019ai lanc\u00e9e moi-m\u00eame pour pr\u00e9senter mes v\u0153ux de l\u2019A\u00efd Al Adha\u00bb, pr\u00e9cise l\u2019interpr\u00e8te \u00e0 ALM.<\/span><\/p>\n<p class=\"p1\"><span class=\"s1\">Cette \u0153uvre, l\u2019un des plus beaux po\u00e8mes du grand ma\u00eetre Mohieddine Ibn Arabi, est compos\u00e9e par Sa\u00efd Chra\u00efbi et arrang\u00e9e par Rachid Regragui. Elle fait partie de l\u2019album \u00abLeila\u00bb qui sera, selon la chanteuse, lanc\u00e9 <em>\u00abprochainement\u00bb. \u00abCet opus compilera quatre \u00e0 cinq chansons exaltant la passion divine\u00bb,<\/em> d\u00e9taille-t-elle.\u00a0<\/span><\/p>\n<p class=\"p1\"><span class=\"s1\">Outre \u00abAlhawa rachiki\u00bb, l\u2019artiste compte \u00e0 son actif d\u2019autres interpr\u00e9tations des \u0153uvres de ce po\u00e8te \u00e0 l\u2019instar de \u00abAl Hobbo Dini\u00bb (L\u2019amour est ma croyance). Au-del\u00e0 de ces performances, Karima Skalli se distingue, comme elle le pr\u00e9cise, par la \u00abspiritualisation des rythmes\u00bb. Pour elle, l\u2019art n\u2019est que la cr\u00e9ativit\u00e9 \u00e9manant de son \u00e9quilibre spirituel et sa d\u00e9licatesse d\u2019\u00e9motion, chose qui cr\u00e9e un rapport \u00e9troit entre cet art et le soufisme. La chanteuse se qualifie \u00e9galement de \u00abflamme de paix\u00bb dans l\u2019espace de la vie et de l\u2019amour.<\/span><\/p>\n<p class=\"p1\"><span class=\"s1\">En plus de l\u2019album \u00abLeila\u00bb, Karima Skalli, dont le parcours brille depuis 1999, a d\u00e9j\u00e0 d\u2019autres albums, notamment \u00abMakam Al Hobb\u00bb (Le rang de l\u2019amour) et des cr\u00e9ations marocaines. D\u00e8s cette ann\u00e9e, ses participations \u00e0 des festivals nationaux, arabes et de par le monde en Europe, aux Etats-Unis, Moyen-Orient et Maghreb Arabe s\u2019encha\u00eenent aux c\u00f4t\u00e9s de grands instrumentistes arabes et internationaux dont l\u2019orchestre \u00abMesto\u00bb. Sa derni\u00e8re performance en date remonte \u00e0 la c\u00e9l\u00e9bration de la 20\u00e8me F\u00eate du Tr\u00f4ne par l\u2019ambassade du Maroc en Inde et au N\u00e9pal. Ce n\u2019est pas tout. La diva \u0153uvre \u00e9galement \u00e0 enrichir et d\u00e9velopper le dialogue culturel mondial.<\/span><\/p>\n<p class=\"p1\"><span class=\"s1\">Mieux encore, l\u2019artiste re\u00e7oit des hommages dans diff\u00e9rents \u00e9v\u00e9nements \u00e0 l\u2019instar du dernier festival Ben Mechich \u00e0 Rabat, comme elle a plusieurs prix. La chanteuse est \u00e9galement invit\u00e9e d\u2019honneur de certaines manifestations internationales comme la journ\u00e9e mondiale de la femme c\u00e9l\u00e9br\u00e9e \u00e0 l\u2019Escwa \u00e0 Beyrouth. Elle est \u00e9galement marraine de plusieurs associations marocaines. D\u2019ailleurs, elle est connue pour sa fibre philanthropique puisqu\u2019elle anime un grand nombre de concerts pour la bonne cause.<span class=\"Apple-converted-space\">\u00a0 \u00a0<\/span><\/span><\/p>\n<p>Auteur: Salima Guisser<br \/>\n<a href=\"http:\/\/aujourdhui.ma\/culture\/musique\/pour-presenter-ses-voeux-de-laid-al-adha-karima-skalli-lance-alhawa-rachiki\">Cliquez ici pour lire l&rsquo;article depuis sa source.<\/a><\/p>\n","protected":false},"excerpt":{"rendered":"<p>Pour elle, l\u2019art n\u2019est que la cr\u00e9ativit\u00e9 \u00e9manant de son \u00e9quilibre spirituel et sa d\u00e9licatesse d\u2019\u00e9motion, chose qui cr\u00e9e un rapport \u00e9troit entre cet art et le soufisme. Il est judicieux de lancer une \u0153uvre soufie \u00e0 l\u2019occasion d\u2019une f\u00eate religieuse. Le choix est fait par la diva marocaine, Karima Skalli, qui vient de sortir, [&hellip;]<\/p>\n","protected":false},"author":1759,"featured_media":0,"comment_status":"closed","ping_status":"closed","sticky":false,"template":"","format":"standard","meta":{"fifu_image_url":"","fifu_image_alt":"","footnotes":""},"categories":[73,54],"tags":[],"class_list":["post-53634","post","type-post","status-publish","format-standard","hentry","category-actualite","category-maroc"],"_links":{"self":[{"href":"https:\/\/linitiative.ca\/International\/wp-json\/wp\/v2\/posts\/53634","targetHints":{"allow":["GET"]}}],"collection":[{"href":"https:\/\/linitiative.ca\/International\/wp-json\/wp\/v2\/posts"}],"about":[{"href":"https:\/\/linitiative.ca\/International\/wp-json\/wp\/v2\/types\/post"}],"author":[{"embeddable":true,"href":"https:\/\/linitiative.ca\/International\/wp-json\/wp\/v2\/users\/1759"}],"replies":[{"embeddable":true,"href":"https:\/\/linitiative.ca\/International\/wp-json\/wp\/v2\/comments?post=53634"}],"version-history":[{"count":0,"href":"https:\/\/linitiative.ca\/International\/wp-json\/wp\/v2\/posts\/53634\/revisions"}],"wp:attachment":[{"href":"https:\/\/linitiative.ca\/International\/wp-json\/wp\/v2\/media?parent=53634"}],"wp:term":[{"taxonomy":"category","embeddable":true,"href":"https:\/\/linitiative.ca\/International\/wp-json\/wp\/v2\/categories?post=53634"},{"taxonomy":"post_tag","embeddable":true,"href":"https:\/\/linitiative.ca\/International\/wp-json\/wp\/v2\/tags?post=53634"}],"curies":[{"name":"wp","href":"https:\/\/api.w.org\/{rel}","templated":true}]}}