{"id":53635,"date":"2019-08-16T06:42:23","date_gmt":"2019-08-16T10:42:23","guid":{"rendered":"https:\/\/linitiative.ca\/International\/fast-and-furious-hobbs-et-shaw-assurent-linterim\/"},"modified":"2019-08-16T06:42:23","modified_gmt":"2019-08-16T10:42:23","slug":"fast-and-furious-hobbs-et-shaw-assurent-linterim","status":"publish","type":"post","link":"https:\/\/linitiative.ca\/International\/fast-and-furious-hobbs-et-shaw-assurent-linterim\/","title":{"rendered":"Fast and furious : Hobbs et Shaw assurent l\u2019int\u00e9rim"},"content":{"rendered":"<p><img decoding=\"async\" class=\"post_layout_5_img\" src=\"http:\/\/aujourdhui.ma\/wp-content\/uploads\/2019\/08\/Fast-and-Furious-Hobbs-and-Shaw.jpg?x29840\" alt=\"Fast and furious : Hobbs et Shaw assurent l\u2019int\u00e9rim\"\/><\/p>\n<p class=\"p1\"><span class=\"s1\"><span class=\"c4\"><strong>Non, non, non, ce n\u2019est pas Fast and furious 9 ! Cet opus ne sortira qu\u2019en 2020. Pour faire patienter les fans de la saga et du r\u00e9alisateur Justin Lin (qui a encadr\u00e9 quatre \u00e9pisodes), les producteurs ont eu l\u2019id\u00e9e de sortir un long-m\u00e9trage d\u00e9riv\u00e9, d\u00e9di\u00e9 \u00e0 deux des h\u00e9ros r\u00e9currents : Luke Hobbs (Dwayne Johnson) et Deckard Shaw (Jason Statham).<\/strong><\/span><\/span> <span id=\"more-317066\"\/><\/p>\n<p class=\"p1\"><span class=\"s1\">Les puristes regretteront que le fameux Dominic Toretto (Vin Diesel) ne fasse pas une petite apparition et qu\u2019aucun hommage, m\u00eame minime, soit rendu au flic LAPD Brian O\u2019Conner (Paul Walker, d\u00e9c\u00e9d\u00e9 d\u2019un accident de la route en 2013). Tout cela arrivera tr\u00e8s certainement dans le neuvi\u00e8me \u00e9pisode. Soyez patients !<\/span><\/p>\n<p class=\"p3\"><strong><span class=\"s1\"><a href=\"http:\/\/aujourdhui.ma\/wp-content\/uploads\/2019\/08\/Fast-and-Furious-Hobbs-and-Shaw-.jpg?x29840\"><img loading=\"lazy\" decoding=\"async\" class=\"wp-image-317067 alignleft\" src=\"http:\/\/aujourdhui.ma\/wp-content\/uploads\/2019\/08\/Fast-and-Furious-Hobbs-and-Shaw-.jpg?x29840\" alt=\"\" width=\"395\" height=\"600\" srcset=\"http:\/\/aujourdhui.ma\/wp-content\/uploads\/2019\/08\/Fast-and-Furious-Hobbs-and-Shaw-.jpg 567w, http:\/\/aujourdhui.ma\/wp-content\/uploads\/2019\/08\/Fast-and-Furious-Hobbs-and-Shaw--197x300.jpg 197w\" sizes=\"auto, (max-width: 395px) 100vw, 395px\"\/><\/a>Le transhumanisme\u00a0<\/span><span class=\"s1\">en toile de fond<\/span><\/strong><\/p>\n<p class=\"p1\"><span class=\"s1\">En attendant, ce film-l\u00e0 vaut aussi un d\u00e9tour. L\u2019histoire ne repose pas que sur des courses de voitures mais aussi sur un d\u00e9bat sur le transhumanisme et cette volont\u00e9 de cr\u00e9er un homme nouveau. Alors qu\u2019elle vient de r\u00e9cup\u00e9rer in extremis un virus capable d\u2019exterminer l\u2019humanit\u00e9, une \u00e9quipe du MI6 est attaqu\u00e9e par des criminels, sans foi ni loi, qui veulent s\u2019en emparer pour exterminer les hommes les plus faibles afin de fa\u00e7onner une nouvelle esp\u00e8ce. Parmi les voyous, se trouve Brixton (Idris Elba) qui se qualifie lui-m\u00eame de \u00absuperman noir\u00bb. En effet, il est dot\u00e9 d\u2019une force surhumaine, d\u2019une peau en kevlar et un squelette en titane.<\/span><\/p>\n<p class=\"p3\"><strong><span class=\"s1\">La belle et la b\u00eate<\/span><\/strong><\/p>\n<p class=\"p1\"><span class=\"s1\">Hattie Shaw (Vanessa Kirby), une jeune agent du MI6, viendra lui montrer que sans ma\u00eetrise la force n\u2019est rien. Elle arrive \u00e0 \u00e9chapper au super-vilain mais s\u2019expose dangereusement au virus mortif\u00e8re. Ce n\u2019est qu\u2019apr\u00e8s que les deux h\u00e9ros entrent en sc\u00e8ne. L\u2019un tombe vite amoureux de la jeune recrue et l\u2019autre n\u2019est autre que son fr\u00e8re. Bien s\u00fbr, les deux veulent aussi sauver le monde d\u2019une potentielle attaque terroriste.<\/span><\/p>\n<p class=\"p3\"><span class=\"s1\">Une cascade de courses et d\u2019explosions<\/span><\/p>\n<p class=\"p1\"><span class=\"s1\">Les amateurs de courses-poursuites ne seront pas d\u00e9\u00e7us. Celle du d\u00e9but entre une moto hybride et une McLaren est remarquable. La fin offrira un bouquet final avec le retour de la moto, un camion tout-terrain, un buggy passe-partout et m\u00eame un h\u00e9licopt\u00e8re. Entre le cyber-armes et les massues traditionnelles, les combats ne manqueront pas, entre deux explosions. Pourtant, la v\u00e9ritable valeur ajout\u00e9e de ce film est incontestablement le duo que forment Hobbs et Shaw, avec leur rivalit\u00e9 fraternelle et leur humour mordant.<\/span><\/p>\n<p class=\"p3\"><span class=\"s1\">Un bain assum\u00e9 de testost\u00e9rones<\/span><\/p>\n<p class=\"p1\"><span class=\"s1\">Cependant, ne vous attendez pas \u00e0 de la finesse. Comme les autres \u00e9pisodes, celui-ci baigne de testost\u00e9rones et de blagues graveleuses. Id\u00e9al pour se vider la t\u00eate, inutile pour penser tr\u00e8s loin. Si les th\u00e8mes du transhumanisme, de la famille et de l\u2019amiti\u00e9 sont volontiers abord\u00e9s, ne vous attendez pas \u00e0 autre chose qu\u2019un film d\u2019action \u00e9tasunien. N\u2019en d\u00e9plaise au r\u00e9alisateur (David Leitch), il ne suffit pas de citer Nietzsche pour devenir un film d\u2019art et d\u2019essai.<\/span><\/p>\n<p class=\"p1\"><span class=\"c6\"><strong><span class=\"c5\">Par S\u00e9bastien Chabaud<\/span><\/strong><\/span><\/p>\n<p>Auteur: ALM<br \/>\n<a href=\"http:\/\/aujourdhui.ma\/culture\/cinema\/fast-and-furious-hobbs-et-shaw-assurent-linterim\">Cliquez ici pour lire l&rsquo;article depuis sa source.<\/a><\/p>\n","protected":false},"excerpt":{"rendered":"<p>Non, non, non, ce n\u2019est pas Fast and furious 9 ! Cet opus ne sortira qu\u2019en 2020. Pour faire patienter les fans de la saga et du r\u00e9alisateur Justin Lin (qui a encadr\u00e9 quatre \u00e9pisodes), les producteurs ont eu l\u2019id\u00e9e de sortir un long-m\u00e9trage d\u00e9riv\u00e9, d\u00e9di\u00e9 \u00e0 deux des h\u00e9ros r\u00e9currents : Luke Hobbs (Dwayne [&hellip;]<\/p>\n","protected":false},"author":1759,"featured_media":0,"comment_status":"closed","ping_status":"closed","sticky":false,"template":"","format":"standard","meta":{"fifu_image_url":"","fifu_image_alt":"","footnotes":""},"categories":[73,54],"tags":[],"class_list":["post-53635","post","type-post","status-publish","format-standard","hentry","category-actualite","category-maroc"],"_links":{"self":[{"href":"https:\/\/linitiative.ca\/International\/wp-json\/wp\/v2\/posts\/53635","targetHints":{"allow":["GET"]}}],"collection":[{"href":"https:\/\/linitiative.ca\/International\/wp-json\/wp\/v2\/posts"}],"about":[{"href":"https:\/\/linitiative.ca\/International\/wp-json\/wp\/v2\/types\/post"}],"author":[{"embeddable":true,"href":"https:\/\/linitiative.ca\/International\/wp-json\/wp\/v2\/users\/1759"}],"replies":[{"embeddable":true,"href":"https:\/\/linitiative.ca\/International\/wp-json\/wp\/v2\/comments?post=53635"}],"version-history":[{"count":0,"href":"https:\/\/linitiative.ca\/International\/wp-json\/wp\/v2\/posts\/53635\/revisions"}],"wp:attachment":[{"href":"https:\/\/linitiative.ca\/International\/wp-json\/wp\/v2\/media?parent=53635"}],"wp:term":[{"taxonomy":"category","embeddable":true,"href":"https:\/\/linitiative.ca\/International\/wp-json\/wp\/v2\/categories?post=53635"},{"taxonomy":"post_tag","embeddable":true,"href":"https:\/\/linitiative.ca\/International\/wp-json\/wp\/v2\/tags?post=53635"}],"curies":[{"name":"wp","href":"https:\/\/api.w.org\/{rel}","templated":true}]}}