{"id":53636,"date":"2019-08-16T06:51:49","date_gmt":"2019-08-16T10:51:49","guid":{"rendered":"https:\/\/linitiative.ca\/International\/fes-il-tue-son-frere-le-jour-de-laid\/"},"modified":"2019-08-16T06:51:49","modified_gmt":"2019-08-16T10:51:49","slug":"fes-il-tue-son-frere-le-jour-de-laid","status":"publish","type":"post","link":"https:\/\/linitiative.ca\/International\/fes-il-tue-son-frere-le-jour-de-laid\/","title":{"rendered":"F\u00e8s : Il tue son fr\u00e8re le jour de l\u2019A\u00efd"},"content":{"rendered":"<header>\n<\/header>\n<div class=\"entry-content clearfix\" readability=\"49\"><img decoding=\"async\" class=\"post_layout_5_img\" src=\"http:\/\/aujourdhui.ma\/wp-content\/uploads\/2019\/08\/Arrestation-crime.jpg?x29840\" alt=\"F\u00e8s : Il tue son fr\u00e8re le jour de l\u2019A\u00efd\"\/><\/p>\n<p class=\"p1\"><span class=\"s1\"><span class=\"c4\"><strong>Au quartier Char\u00eei, \u00e0 F\u00e8s, un fratricide a eu lieu, t\u00f4t le matin du lundi dernier co\u00efncidant avec le premier jour de la f\u00eate du sacrifice.<\/strong><\/span><\/span><span id=\"more-317070\"\/><\/p>\n<p class=\"p1\"><span class=\"s1\">En effet, suite \u00e0 un malentendu, les deux fr\u00e8res, Y.H et A.H, \u00e2g\u00e9s respectivement de vingt-trois et trente ans, ont \u00e9chang\u00e9 les disputes avant de recourir \u00e0 l\u2019usage de l\u2019arme blanche. C\u2019est le fr\u00e8re a\u00een\u00e9 qui, d\u00e9cha\u00een\u00e9, a port\u00e9 l\u2019estocade \u00e0 son fr\u00e8re en lui ass\u00e9nant un coup au niveau de la poitrine. Alert\u00e9s, les \u00e9l\u00e9ments de la police judiciaire se sont d\u00e9p\u00each\u00e9s sur la sc\u00e8ne du crime pour arr\u00eater le meurtrier. Il a \u00e9t\u00e9 conduit au commissariat pour \u00eatre soumis aux interrogatoires avant d\u2019\u00eatre confi\u00e9 \u00e0 la justice.<\/span><\/p>\n<\/div>\n<p>Auteur: Abderrafii ALOUMLIKI<br \/>\n<a href=\"http:\/\/aujourdhui.ma\/faits-divers\/fes-il-tue-son-frere-le-jour-de-laid\">Cliquez ici pour lire l&rsquo;article depuis sa source.<\/a><\/p>\n","protected":false},"excerpt":{"rendered":"<p>Au quartier Char\u00eei, \u00e0 F\u00e8s, un fratricide a eu lieu, t\u00f4t le matin du lundi dernier co\u00efncidant avec le premier jour de la f\u00eate du sacrifice. En effet, suite \u00e0 un malentendu, les deux fr\u00e8res, Y.H et A.H, \u00e2g\u00e9s respectivement de vingt-trois et trente ans, ont \u00e9chang\u00e9 les disputes avant de recourir \u00e0 l\u2019usage de [&hellip;]<\/p>\n","protected":false},"author":1759,"featured_media":0,"comment_status":"closed","ping_status":"closed","sticky":false,"template":"","format":"standard","meta":{"fifu_image_url":"","fifu_image_alt":"","footnotes":""},"categories":[73,54],"tags":[],"class_list":["post-53636","post","type-post","status-publish","format-standard","hentry","category-actualite","category-maroc"],"_links":{"self":[{"href":"https:\/\/linitiative.ca\/International\/wp-json\/wp\/v2\/posts\/53636","targetHints":{"allow":["GET"]}}],"collection":[{"href":"https:\/\/linitiative.ca\/International\/wp-json\/wp\/v2\/posts"}],"about":[{"href":"https:\/\/linitiative.ca\/International\/wp-json\/wp\/v2\/types\/post"}],"author":[{"embeddable":true,"href":"https:\/\/linitiative.ca\/International\/wp-json\/wp\/v2\/users\/1759"}],"replies":[{"embeddable":true,"href":"https:\/\/linitiative.ca\/International\/wp-json\/wp\/v2\/comments?post=53636"}],"version-history":[{"count":0,"href":"https:\/\/linitiative.ca\/International\/wp-json\/wp\/v2\/posts\/53636\/revisions"}],"wp:attachment":[{"href":"https:\/\/linitiative.ca\/International\/wp-json\/wp\/v2\/media?parent=53636"}],"wp:term":[{"taxonomy":"category","embeddable":true,"href":"https:\/\/linitiative.ca\/International\/wp-json\/wp\/v2\/categories?post=53636"},{"taxonomy":"post_tag","embeddable":true,"href":"https:\/\/linitiative.ca\/International\/wp-json\/wp\/v2\/tags?post=53636"}],"curies":[{"name":"wp","href":"https:\/\/api.w.org\/{rel}","templated":true}]}}