{"id":53637,"date":"2019-08-16T06:53:16","date_gmt":"2019-08-16T10:53:16","guid":{"rendered":"https:\/\/linitiative.ca\/International\/driouch-un-double-meurtrier-arrete-le-crime-reconstitue\/"},"modified":"2019-08-16T06:53:16","modified_gmt":"2019-08-16T10:53:16","slug":"driouch-un-double-meurtrier-arrete-le-crime-reconstitue","status":"publish","type":"post","link":"https:\/\/linitiative.ca\/International\/driouch-un-double-meurtrier-arrete-le-crime-reconstitue\/","title":{"rendered":"Driouch : Un double meurtrier arr\u00eat\u00e9,  le crime reconstitu\u00e9"},"content":{"rendered":"<header>\n<\/header>\n<div class=\"entry-content clearfix\" readability=\"58\"><img decoding=\"async\" class=\"post_layout_5_img\" src=\"http:\/\/aujourdhui.ma\/wp-content\/uploads\/2017\/03\/Gendarmerie-Royale-de-Marrakech.jpg?x29840\" alt=\"Driouch : Un double meurtrier arr\u00eat\u00e9, le crime reconstitu\u00e9\"\/><\/p>\n<p class=\"p1\"><span class=\"s1\"><span class=\"c4\"><strong>Au douar M\u2019Hmouda relevant de la commune rurale Ouardana, province de Driouch, situ\u00e9e \u00e0 plus de cinquante kilom\u00e8tres au sud-ouest de la ville de Nador, les \u00e9l\u00e9ments de la gendarmerie royale ont proc\u00e9d\u00e9, mardi 13 ao\u00fbt, \u00e0 la reconstitution du double crime crapuleux commis par un jeune homme de vingt-deux ans.<\/strong><\/span><\/span> <span id=\"more-317063\"\/><\/p>\n<p class=\"p1\"><span class=\"s1\">Il a \u00e9t\u00e9 traduit, ensuite, devant le parquet g\u00e9n\u00e9ral pr\u00e8s la Cour d\u2019appel de Nador qui l\u2019a mis entre les mains du juge d\u2019instruction.<\/span><\/p>\n<p class=\"p1\"><span class=\"s1\">De la ville de Mekn\u00e8s, ce jeune homme s\u2019est rendu \u00e0 Driouch pour louer un domicile jouxtant un autre occup\u00e9 par un p\u00e8re de famille \u00e0 la retraite et son \u00e9pouse. Il croyait dur comme fer qu\u2019ils poss\u00e9daient une fortune, c\u2019est pourquoi il a d\u00e9cid\u00e9 de les liquider pour s\u2019emparer du soi-disant tr\u00e9sor. En effet, la nuit du samedi au dimanche, 27 au 28 juillet, il a mis son plan \u00e0 ex\u00e9cution avant de rebrousser chemin vers sa ville natale. Mais, l\u2019enqu\u00eate polici\u00e8re men\u00e9e par la Brigade nationale de la police judiciaire a donn\u00e9 ses fruits, le dimanche 11 ao\u00fbt, en l\u2019arr\u00eatant \u00e0 Mekn\u00e8s et le conduisant \u00e0 Driouch.<\/span><\/p>\n<\/div>\n<p>Auteur: Abderrafii ALOUMLIKI<br \/>\n<a href=\"http:\/\/aujourdhui.ma\/faits-divers\/driouch-un-double-meurtrier-arrete-le-crime-reconstitue\">Cliquez ici pour lire l&rsquo;article depuis sa source.<\/a><\/p>\n","protected":false},"excerpt":{"rendered":"<p>Au douar M\u2019Hmouda relevant de la commune rurale Ouardana, province de Driouch, situ\u00e9e \u00e0 plus de cinquante kilom\u00e8tres au sud-ouest de la ville de Nador, les \u00e9l\u00e9ments de la gendarmerie royale ont proc\u00e9d\u00e9, mardi 13 ao\u00fbt, \u00e0 la reconstitution du double crime crapuleux commis par un jeune homme de vingt-deux ans. Il a \u00e9t\u00e9 traduit, [&hellip;]<\/p>\n","protected":false},"author":1759,"featured_media":0,"comment_status":"closed","ping_status":"closed","sticky":false,"template":"","format":"standard","meta":{"fifu_image_url":"","fifu_image_alt":"","footnotes":""},"categories":[73,54],"tags":[],"class_list":["post-53637","post","type-post","status-publish","format-standard","hentry","category-actualite","category-maroc"],"_links":{"self":[{"href":"https:\/\/linitiative.ca\/International\/wp-json\/wp\/v2\/posts\/53637","targetHints":{"allow":["GET"]}}],"collection":[{"href":"https:\/\/linitiative.ca\/International\/wp-json\/wp\/v2\/posts"}],"about":[{"href":"https:\/\/linitiative.ca\/International\/wp-json\/wp\/v2\/types\/post"}],"author":[{"embeddable":true,"href":"https:\/\/linitiative.ca\/International\/wp-json\/wp\/v2\/users\/1759"}],"replies":[{"embeddable":true,"href":"https:\/\/linitiative.ca\/International\/wp-json\/wp\/v2\/comments?post=53637"}],"version-history":[{"count":0,"href":"https:\/\/linitiative.ca\/International\/wp-json\/wp\/v2\/posts\/53637\/revisions"}],"wp:attachment":[{"href":"https:\/\/linitiative.ca\/International\/wp-json\/wp\/v2\/media?parent=53637"}],"wp:term":[{"taxonomy":"category","embeddable":true,"href":"https:\/\/linitiative.ca\/International\/wp-json\/wp\/v2\/categories?post=53637"},{"taxonomy":"post_tag","embeddable":true,"href":"https:\/\/linitiative.ca\/International\/wp-json\/wp\/v2\/tags?post=53637"}],"curies":[{"name":"wp","href":"https:\/\/api.w.org\/{rel}","templated":true}]}}