{"id":53641,"date":"2019-08-15T07:52:57","date_gmt":"2019-08-15T11:52:57","guid":{"rendered":"https:\/\/linitiative.ca\/International\/le-14-aout-1979-une-date-memorable\/"},"modified":"2019-08-15T07:52:57","modified_gmt":"2019-08-15T11:52:57","slug":"le-14-aout-1979-une-date-memorable","status":"publish","type":"post","link":"https:\/\/linitiative.ca\/International\/le-14-aout-1979-une-date-memorable\/","title":{"rendered":"Le 14 ao\u00fbt 1979, une date m\u00e9morable"},"content":{"rendered":"<div>\n<p style=\"text-align: center;\"><strong><span style=\"color: #ff0000;\">40 anniversaire de la r\u00e9cup\u00e9ration de la province de Oued Eddahab<\/span><\/strong><\/p>\n<p style=\"text-align: justify;\"><strong><span style=\"color: #0000ff;\"><span style=\"color: #ff0000;\">L<\/span>e Maroc c\u00e9l\u00e8bre le mercredi 14 ao\u00fbt 2019 le quaranti\u00e8me anniversaire de la r\u00e9cup\u00e9ration de la r\u00e9gion de Oued Eddahab. Cette date m\u00e9morable (14 ao\u00fbt 1979) constitue en effet la derni\u00e8re \u00e9tape de l\u2019aboutissement de l\u2019int\u00e9grit\u00e9 territoriale du royaume.<\/span><\/strong><\/p>\n<p style=\"text-align: justify;\">Ce moment historique a \u00e9t\u00e9 immortalis\u00e9 par une allocution de feu SM le Roi Hassan II, en affirmant devant les repr\u00e9sentants de la r\u00e9gion, qui avaient fait le d\u00e9placement \u00e0 Rabat pour renouveler l\u2019all\u00e9geance au souverain\u00a0: \u00ab<em>Nous venons de recevoir, en ce jour b\u00e9ni, votre serment d\u2019all\u00e9geance, que Nous pr\u00e9serverons et conserverons pr\u00e9cieusement, comme un d\u00e9p\u00f4t sacr\u00e9. D\u00e9sormais, vous devez honorer ce serment. De notre c\u00f4t\u00e9, Nous nous faisons \u00e9galement un devoir de garantir votre d\u00e9fense et votre s\u00e9curit\u00e9 et d\u2019\u0153uvrer sans rel\u00e2che pour votre bien-\u00eatre. Soyez donc, mes chers fils, les bienvenus au sein de votre patrie. Rendons gr\u00e2ce au Tout-Puissant de nous avoir combl\u00e9s de ses bienfaits en rattachant le Sud de notre pays \u00e0 sa partie Nord et en restaurant les liens de sang entre ses fils<\/em>\u00bb.<\/p>\n<p style=\"text-align: justify;\">Cette \u00e9tape historique a couronn\u00e9 le chantier lanc\u00e9 dans la r\u00e9gion par la marche verte, le 6 novembre 1975, et qui se concr\u00e9tise toujours pour promouvoir le d\u00e9veloppement des provinces du sud et la mise en place d\u2019une solution politique pour clore d\u00e9finitivement le fichier du conflit artificiel provoqu\u00e9 autour du Sahara marocain. C\u2019est dans cet esprit que le royaume a propos\u00e9 son initiative d\u2019autonomie de ses provinces du sud sous souverainet\u00e9 marocaine, une approche, jug\u00e9e par la communaut\u00e9 internationale, r\u00e9aliste et r\u00e9alisable, pragmatique et durable.<\/p>\n<p style=\"text-align: justify;\">D\u2019ailleurs, le processus, menant \u00e0 la concr\u00e9tisation de cette approche, est supervis\u00e9 par le Conseil de s\u00e9curit\u00e9 des nations unies. En parall\u00e8le \u00e0 ce processus onusien, le Maroc a balis\u00e9 le terrain \u00e0 la mise en \u0153uvre de cette solution politique par le lancement de la r\u00e9gionalisation avanc\u00e9e, la promotion des droits humains, le renforcement de la d\u00e9mocratie locale et participative, la politique de proximit\u00e9 et l\u2019initiation d\u2019un mod\u00e8le de d\u00e9veloppement des provinces du sud.<\/p>\n<p style=\"text-align: justify;\">\u00abCe nouveau mod\u00e8le de d\u00e9veloppement des provinces du Sud du Royaume ne doit pas \u00eatre per\u00e7u uniquement sous un angle \u00e9conomique, mais en tant que projet de soci\u00e9t\u00e9 coh\u00e9rent\u00bb, a affirm\u00e9 SM le Roi Mohammed VI dans Son discours \u00e0 la Nation, \u00e0 l\u2019occasion du 42\u00e8me anniversaire de la Marche Verte. \u00abCe mod\u00e8le ne doit pas \u00eatre ramen\u00e9 \u00e0 sa seule dimension \u00e9conomique. Il s\u2019agit bien en fait d\u2019un projet de soci\u00e9t\u00e9 coh\u00e9rent qui a pour ambition de favoriser l\u2019\u00e9panouissement de l\u2019individu marocain, de pr\u00e9server sa dignit\u00e9 et de le placer au c\u0153ur du processus de d\u00e9veloppement\u00bb, a pr\u00e9cis\u00e9 SM le Roi.<\/p>\n<p style=\"text-align: right;\"><strong>B.Amenzou<\/strong><\/p>\n<p>L\u2019article <a rel=\"nofollow\" href=\"http:\/\/albayane.press.ma\/le-14-aout-1979-une-date-memorable.html\">Le 14 ao\u00fbt 1979, une date m\u00e9morable<\/a> est apparu en premier sur <a rel=\"nofollow\" href=\"http:\/\/albayane.press.ma\/\">ALBAYANE<\/a>.<\/p>\n<\/div>\n<p>Auteur: M&rsquo;hammed rahal<br \/>\n<a href=\"http:\/\/albayane.press.ma\/le-14-aout-1979-une-date-memorable.html\">Cliquez ici pour lire l&rsquo;article depuis sa source.<\/a><\/p>\n","protected":false},"excerpt":{"rendered":"<p>40 anniversaire de la r\u00e9cup\u00e9ration de la province de Oued Eddahab Le Maroc c\u00e9l\u00e8bre le mercredi 14 ao\u00fbt 2019 le quaranti\u00e8me anniversaire de la r\u00e9cup\u00e9ration de la r\u00e9gion de Oued Eddahab. Cette date m\u00e9morable (14 ao\u00fbt 1979) constitue en effet la derni\u00e8re \u00e9tape de l\u2019aboutissement de l\u2019int\u00e9grit\u00e9 territoriale du royaume. Ce moment historique a \u00e9t\u00e9 [&hellip;]<\/p>\n","protected":false},"author":1760,"featured_media":0,"comment_status":"closed","ping_status":"closed","sticky":false,"template":"","format":"standard","meta":{"fifu_image_url":"","fifu_image_alt":"","footnotes":""},"categories":[73,54],"tags":[],"class_list":["post-53641","post","type-post","status-publish","format-standard","hentry","category-actualite","category-maroc"],"_links":{"self":[{"href":"https:\/\/linitiative.ca\/International\/wp-json\/wp\/v2\/posts\/53641","targetHints":{"allow":["GET"]}}],"collection":[{"href":"https:\/\/linitiative.ca\/International\/wp-json\/wp\/v2\/posts"}],"about":[{"href":"https:\/\/linitiative.ca\/International\/wp-json\/wp\/v2\/types\/post"}],"author":[{"embeddable":true,"href":"https:\/\/linitiative.ca\/International\/wp-json\/wp\/v2\/users\/1760"}],"replies":[{"embeddable":true,"href":"https:\/\/linitiative.ca\/International\/wp-json\/wp\/v2\/comments?post=53641"}],"version-history":[{"count":0,"href":"https:\/\/linitiative.ca\/International\/wp-json\/wp\/v2\/posts\/53641\/revisions"}],"wp:attachment":[{"href":"https:\/\/linitiative.ca\/International\/wp-json\/wp\/v2\/media?parent=53641"}],"wp:term":[{"taxonomy":"category","embeddable":true,"href":"https:\/\/linitiative.ca\/International\/wp-json\/wp\/v2\/categories?post=53641"},{"taxonomy":"post_tag","embeddable":true,"href":"https:\/\/linitiative.ca\/International\/wp-json\/wp\/v2\/tags?post=53641"}],"curies":[{"name":"wp","href":"https:\/\/api.w.org\/{rel}","templated":true}]}}