{"id":53643,"date":"2019-08-16T05:28:50","date_gmt":"2019-08-16T09:28:50","guid":{"rendered":"https:\/\/linitiative.ca\/International\/ukraine-zelensky-demande-a-poutine-de-faire-cesser-les-combats\/"},"modified":"2019-08-16T05:28:50","modified_gmt":"2019-08-16T09:28:50","slug":"ukraine-zelensky-demande-a-poutine-de-faire-cesser-les-combats","status":"publish","type":"post","link":"https:\/\/linitiative.ca\/International\/ukraine-zelensky-demande-a-poutine-de-faire-cesser-les-combats\/","title":{"rendered":"Ukraine: Zelensky demande \u00e0 Poutine de faire cesser les combats\u2026"},"content":{"rendered":"<div>\n<p style=\"text-align: justify;\"><span style=\"color: #800000;\"><strong><span style=\"color: #ff0000;\">R<\/span>\u00e9agissant \u00e0 la mort, ce mardi, de 4 soldats ukrainiens lors d\u2019une attaque perp\u00e9tr\u00e9e, dans l\u2019est du pays, par des s\u00e9paratistes pro-russes, le pr\u00e9sident ukrainien Volodymyr Zelensky a, d\u00e8s le lendemain, demand\u00e9, dans une communication t\u00e9l\u00e9phonique, \u00e0 son homologue russe d\u2019ordonner la cessation des combats.<\/strong><\/span><\/p>\n<p style=\"text-align: justify;\">Ainsi, dans une conf\u00e9rence de presse, le pr\u00e9sident ukrainien a annonc\u00e9 que lors de la\u00a0\u00ablongue conversation\u00bb qu\u2019il a eu avec Vladimir Poutine et au cours de laquelle ce dernier lui a signal\u00e9 que les ukrainiens \u00abavaient aussi tir\u00e9 sur des civils\u00bb, il a demand\u00e9 au chef du Kremlin, de \u00abfaire jouer son influence\u00bb pour que les s\u00e9paratistes des r\u00e9gions de Donetsk et Lougansk \u2013 soutenus militairement par la Russie; ce que Moscou ne cesse de le d\u00e9mentir \u2013 suspendent leurs attaques contre les ukrainiens.<\/p>\n<p style=\"text-align: justify;\">Le pr\u00e9sident ukrainien a annonc\u00e9, par ailleurs, que son arm\u00e9e allait poursuivre les op\u00e9rations de d\u00e9minage dans les zones de conflit et \u00e9mis son souhait de pouvoir \u00abacc\u00e9l\u00e9rer\u00bb la construction d\u2019un pont au checkpoint de Stanitsa Lougansk.<\/p>\n<p style=\"text-align: justify;\">Volodymyr Zelensky a r\u00e9v\u00e9l\u00e9 avoir eu, \u00e9galement, un entretien t\u00e9l\u00e9phonique avec son homologue fran\u00e7ais et fait part de son intention de contacter la chanceli\u00e8re allemande Angela Merkel en pr\u00e9vision de la tenue d\u2019une \u00abrencontre urgente\u00bb avec les trois dirigeants.<\/p>\n<p style=\"text-align: justify;\">Selon un communiqu\u00e9 de la pr\u00e9sidence ukrainienne, Volodomyr Zelensky qui, ce mercredi, s\u2019est entretenu, pour la deuxi\u00e8me fois au t\u00e9l\u00e9phone avec le pr\u00e9sident russe depuis son \u00e9lection en Avril dernier, aurait lanc\u00e9 \u00e0 ce dernier\u00a0: \u00abIl faut se regarder dans les yeux et mettre fin \u00e0 cette guerre\u00bb.<\/p>\n<p style=\"text-align: justify;\">En \u00e9voquant cette conversation t\u00e9l\u00e9phonique, le Kremlin a, pour sa part, indiqu\u00e9, dans un communiqu\u00e9, avoir demand\u00e9 une intensification des \u00e9changes de prisonniers et exig\u00e9 la cessation imm\u00e9diate \u00abdes bombardements ukrainiens sur les localit\u00e9s du Dombass\u00bb.<\/p>\n<p style=\"text-align: justify;\">Pour rappel, apr\u00e8s le soul\u00e8vement populaire du Ma\u00efdan en avril 2014 en Ukraine qui avait conduit au d\u00e9part du gouvernement pro-russe puis \u00e0 l\u2019annexion, par Moscou, de la p\u00e9ninsule ukrainienne de Crim\u00e9e, ce sont pr\u00e8s de 13.000 personnes qui sont mortes dans l\u2019est du pays malgr\u00e9 les accords de Minsk de F\u00e9vrier 2015.<\/p>\n<p style=\"text-align: justify;\">Evoquant dans un communiqu\u00e9 la conversation t\u00e9l\u00e9phonique du pr\u00e9sident fran\u00e7ais avec son homologue ukrainien, l\u2019Elys\u00e9e a annonc\u00e9 qu\u2019Emmanuel Macron a invit\u00e9 ce dernier \u00e0 \u00abmaintenir un esprit constructif\u00bb dans ses relations avec Moscou et pr\u00e9sent\u00e9 au peuple ukrainien sa \u00absolidarit\u00e9 et ses condol\u00e9ances\u00bb \u00e0 la suite de la mort des quatre soldats. Le pr\u00e9sident fran\u00e7ais a, \u00e9galement, \u00abassur\u00e9\u00bb M. Zelensky \u00abde la pleine mobilisation de la France pour parvenir \u00e0 des r\u00e9sultats concrets dans le cadre du format de Normandie\u00bb c\u2019est-\u00e0-dire lors d\u2019une s\u00e9ance de travail qui r\u00e9unirait la Russie, l\u2019Ukraine, l\u2019Allemagne et la France et promis au pr\u00e9sident ukrainien que cette question serait \u00e0 l\u2019ordre du jour de sa rencontre avec Poutine le 19 Ao\u00fbt prochain \u00e0 Br\u00e9gan\u00e7on.<\/p>\n<p style=\"text-align: justify;\">La paix entre la F\u00e9d\u00e9ration de Russie et l\u2019Ukraine, cette ancienne r\u00e9publique de l\u2019ex-Union Sovi\u00e9tique, est-elle au bout du tunnel\u00a0? Esp\u00e9rons-le pour le bien des peuples des deux pays et attendons pour voir\u2026<\/p>\n<p style=\"text-align: right;\"><strong>Nabil El Bousaadi<\/strong><\/p>\n<p>L\u2019article <a rel=\"nofollow\" href=\"http:\/\/albayane.press.ma\/ukraine-zelensky-demande-a-poutine-de-faire-cesser-les-combats.html\">Ukraine: Zelensky demande \u00e0 Poutine de faire cesser les combats\u2026<\/a> est apparu en premier sur <a rel=\"nofollow\" href=\"http:\/\/albayane.press.ma\/\">ALBAYANE<\/a>.<\/p>\n<\/div>\n<p>Auteur: M&rsquo;hammed rahal<br \/>\n<a href=\"http:\/\/albayane.press.ma\/ukraine-zelensky-demande-a-poutine-de-faire-cesser-les-combats.html\">Cliquez ici pour lire l&rsquo;article depuis sa source.<\/a><\/p>\n","protected":false},"excerpt":{"rendered":"<p>R\u00e9agissant \u00e0 la mort, ce mardi, de 4 soldats ukrainiens lors d\u2019une attaque perp\u00e9tr\u00e9e, dans l\u2019est du pays, par des s\u00e9paratistes pro-russes, le pr\u00e9sident ukrainien Volodymyr Zelensky a, d\u00e8s le lendemain, demand\u00e9, dans une communication t\u00e9l\u00e9phonique, \u00e0 son homologue russe d\u2019ordonner la cessation des combats. Ainsi, dans une conf\u00e9rence de presse, le pr\u00e9sident ukrainien a [&hellip;]<\/p>\n","protected":false},"author":1760,"featured_media":0,"comment_status":"closed","ping_status":"closed","sticky":false,"template":"","format":"standard","meta":{"fifu_image_url":"","fifu_image_alt":"","footnotes":""},"categories":[73,54],"tags":[],"class_list":["post-53643","post","type-post","status-publish","format-standard","hentry","category-actualite","category-maroc"],"_links":{"self":[{"href":"https:\/\/linitiative.ca\/International\/wp-json\/wp\/v2\/posts\/53643","targetHints":{"allow":["GET"]}}],"collection":[{"href":"https:\/\/linitiative.ca\/International\/wp-json\/wp\/v2\/posts"}],"about":[{"href":"https:\/\/linitiative.ca\/International\/wp-json\/wp\/v2\/types\/post"}],"author":[{"embeddable":true,"href":"https:\/\/linitiative.ca\/International\/wp-json\/wp\/v2\/users\/1760"}],"replies":[{"embeddable":true,"href":"https:\/\/linitiative.ca\/International\/wp-json\/wp\/v2\/comments?post=53643"}],"version-history":[{"count":0,"href":"https:\/\/linitiative.ca\/International\/wp-json\/wp\/v2\/posts\/53643\/revisions"}],"wp:attachment":[{"href":"https:\/\/linitiative.ca\/International\/wp-json\/wp\/v2\/media?parent=53643"}],"wp:term":[{"taxonomy":"category","embeddable":true,"href":"https:\/\/linitiative.ca\/International\/wp-json\/wp\/v2\/categories?post=53643"},{"taxonomy":"post_tag","embeddable":true,"href":"https:\/\/linitiative.ca\/International\/wp-json\/wp\/v2\/tags?post=53643"}],"curies":[{"name":"wp","href":"https:\/\/api.w.org\/{rel}","templated":true}]}}