{"id":53645,"date":"2019-08-16T03:49:51","date_gmt":"2019-08-16T07:49:51","guid":{"rendered":"https:\/\/linitiative.ca\/International\/trump-voudrait-acheter-le-groenland\/"},"modified":"2019-08-16T03:49:51","modified_gmt":"2019-08-16T07:49:51","slug":"trump-voudrait-acheter-le-groenland","status":"publish","type":"post","link":"https:\/\/linitiative.ca\/International\/trump-voudrait-acheter-le-groenland\/","title":{"rendered":"Trump voudrait acheter\u2026 le Groenland"},"content":{"rendered":"<p><strong>Donald Trump, qui fut autrefois un magnat immobilier de renom avant de se lancer dans la politique et de devenir pr\u00e9sident des Etats-Unis, aurait jet\u00e9 son d\u00e9volu sur un espace quasiment vierge \u00e0 la hauteur de ses ambitions: le Groenland.\u00a0<\/strong><\/p>\n<p>Le Wall Street Journal rapporte jeudi que l\u2019ancien homme d\u2019affaires new-yorkais se serait enquis plusieurs fois aupr\u00e8s de ses conseillers \u00e0 la Maison Blanche de la possibilit\u00e9 pour les Etats-Unis d\u2019acheter ce territoire danois de 56.000 habitants.<\/p>\n<p>La requ\u00eate a \u00e9t\u00e9 adress\u00e9e \u00ab avec plusieurs niveaux de s\u00e9rieux \u00bb, pr\u00e9cise le Wall Street Journal.<\/p>\n<p>Le Groenland est une gigantesque \u00eele arctique, grande comme quatre fois la France, o\u00f9 les effets du r\u00e9chauffement climatique sont manifestes.<\/p>\n<p>La fonte des glaces, qui entra\u00eene la hausse du niveau des mers, y a \u00e9t\u00e9 multipli\u00e9e par quatre entre 2003 et 2013.\u00a0<\/p>\n<p>Depuis son \u00e9lection en 2016, le pr\u00e9sident climato-sceptique a notamment retir\u00e9 les Etats-Unis de l\u2019Accord de Paris sur le climat et a syst\u00e9matiquement cherch\u00e9 \u00e0 d\u00e9tricoter les r\u00e9glementations environnementales adopt\u00e9es pendant les huit ans de la pr\u00e9sidence du d\u00e9mocrate Barack Obama.<\/p>\n<p>L\u2019\u00e9lu r\u00e9publicain ne semble pas avoir totalement mis derri\u00e8re lui ses premi\u00e8res amours immobili\u00e8res: l\u2019ann\u00e9e derni\u00e8re, lors de son sommet \u00e0 Singapour avec Kim Jong Un, il avait soulign\u00e9 le potentiel de d\u00e9veloppement touristique de la Cor\u00e9e du Nord.<\/p>\n<p>\u00ab Par exemple, il y a des super plages \u00bb, avait-il dit aux journalistes. \u00ab On le voit \u00e0 chaque fois qu\u2019ils font exploser leurs canons dans la mer. Je me dis, dis-donc, regarde-moi cette vue. Ca ne ferait pas des super apparts? \u00bb<\/p>\n<p><strong><em>source<\/em><\/strong> : mosaique fm<\/p>\n<p class=\"dpsp-share-text\">Partager c&rsquo;est aimer!<\/p>\n<div class=\"wp-post-author-wrap wp-post-author-shortcode left\">\n<h3 class=\"awpa-title\"\/>\n<div class=\"wp-post-author\">\n<div class=\"awpa-img awpa-author-block square\"><a href=\"http:\/\/lexpertjournal.net\/fr\/author\/expert\/\"><img loading=\"lazy\" decoding=\"async\" alt=\"\" src=\"http:\/\/2.gravatar.com\/avatar\/56d99be2a6f97af88ccb49fada637fcd?s=150&#038;d=mm&#038;r=g\" srcset=\"http:\/\/2.gravatar.com\/avatar\/56d99be2a6f97af88ccb49fada637fcd?s=300&#038;d=mm&#038;r=g 2x\" class=\"avatar avatar-150 photo\" height=\"150\" width=\"150\"\/><\/a><\/div>\n<\/div>\n<\/div>\n<p>Auteur: L&rsquo;expert<br \/>\n<a href=\"http:\/\/lexpertjournal.net\/fr\/2019\/08\/16\/trump-voudrait-acheter-le-groenland\/\">Cliquez ici pour lire l&rsquo;article depuis sa source.<\/a><\/p>\n","protected":false},"excerpt":{"rendered":"<p>Donald Trump, qui fut autrefois un magnat immobilier de renom avant de se lancer dans la politique et de devenir pr\u00e9sident des Etats-Unis, aurait jet\u00e9 son d\u00e9volu sur un espace quasiment vierge \u00e0 la hauteur de ses ambitions: le Groenland.\u00a0 Le Wall Street Journal rapporte jeudi que l\u2019ancien homme d\u2019affaires new-yorkais se serait enquis plusieurs [&hellip;]<\/p>\n","protected":false},"author":1775,"featured_media":0,"comment_status":"closed","ping_status":"closed","sticky":false,"template":"","format":"standard","meta":{"fifu_image_url":"","fifu_image_alt":"","footnotes":""},"categories":[78,55],"tags":[],"class_list":["post-53645","post","type-post","status-publish","format-standard","hentry","category-economie","category-tunisie"],"_links":{"self":[{"href":"https:\/\/linitiative.ca\/International\/wp-json\/wp\/v2\/posts\/53645","targetHints":{"allow":["GET"]}}],"collection":[{"href":"https:\/\/linitiative.ca\/International\/wp-json\/wp\/v2\/posts"}],"about":[{"href":"https:\/\/linitiative.ca\/International\/wp-json\/wp\/v2\/types\/post"}],"author":[{"embeddable":true,"href":"https:\/\/linitiative.ca\/International\/wp-json\/wp\/v2\/users\/1775"}],"replies":[{"embeddable":true,"href":"https:\/\/linitiative.ca\/International\/wp-json\/wp\/v2\/comments?post=53645"}],"version-history":[{"count":0,"href":"https:\/\/linitiative.ca\/International\/wp-json\/wp\/v2\/posts\/53645\/revisions"}],"wp:attachment":[{"href":"https:\/\/linitiative.ca\/International\/wp-json\/wp\/v2\/media?parent=53645"}],"wp:term":[{"taxonomy":"category","embeddable":true,"href":"https:\/\/linitiative.ca\/International\/wp-json\/wp\/v2\/categories?post=53645"},{"taxonomy":"post_tag","embeddable":true,"href":"https:\/\/linitiative.ca\/International\/wp-json\/wp\/v2\/tags?post=53645"}],"curies":[{"name":"wp","href":"https:\/\/api.w.org\/{rel}","templated":true}]}}