{"id":53646,"date":"2019-08-16T03:52:45","date_gmt":"2019-08-16T07:52:45","guid":{"rendered":"https:\/\/linitiative.ca\/International\/la-coree-du-nord-tire-deux-projectiles-non-identifies\/"},"modified":"2019-08-16T03:52:45","modified_gmt":"2019-08-16T07:52:45","slug":"la-coree-du-nord-tire-deux-projectiles-non-identifies","status":"publish","type":"post","link":"https:\/\/linitiative.ca\/International\/la-coree-du-nord-tire-deux-projectiles-non-identifies\/","title":{"rendered":"La Cor\u00e9e du Nord tire deux projectiles non identifi\u00e9s"},"content":{"rendered":"<p><strong>La Cor\u00e9e du Nord a tir\u00e9 vendredi deux \u00ab projectiles non identifi\u00e9s \u00bb qui se sont abattus en mer, a annonc\u00e9 l\u2019\u00e9tat-major interarmes de la Cor\u00e9e du Sud.<\/strong><\/p>\n<p>L\u2019\u00e9tat-major a indiqu\u00e9 que ces projectiles avaient \u00e9t\u00e9 tir\u00e9s depuis les environs de Tongchon, une ville de la province de Kangwon, situ\u00e9e dans le sud-est de la Cor\u00e9e du Nord, et \u00e9taient tomb\u00e9s dans la mer de l\u2019Est, \u00e9galement appel\u00e9e mer du Japon.<\/p>\n<p>\u00ab L\u2019arm\u00e9e observe la situation pour le cas o\u00f9 il y aurait d\u2019autres lancements \u00bb, a ajout\u00e9 l\u2019\u00e9tat-major sud-cor\u00e9en.<\/p>\n<p>Il s\u2019agit du sixi\u00e8me lancement de ce genre depuis la fin juillet. Le dirigeant nord-cor\u00e9en Kim Jong Un a d\u00e9clar\u00e9 d\u00e9but ao\u00fbt que ces tirs constituaient \u00ab un avertissement solennel \u00bb adress\u00e9 \u00e0 la Cor\u00e9e du Nord et aux Etats-Unis en raison des manoeuvres militaires conjointes men\u00e9es par ces deux pays, manoeuvres que Pyongyang r\u00e9prouve.<\/p>\n<p>La Commission pour la R\u00e9unification pacifique du Pays, une institution du pouvoir nord-cor\u00e9en, a annonc\u00e9 vendredi dans un communiqu\u00e9 qu\u2019il rejetait des d\u00e9clarations faites jeudi par le pr\u00e9sident sud-cor\u00e9en Moon Jae-in.<\/p>\n<p>Dans un discours prononc\u00e9 \u00e0 l\u2019occasion de l\u2019anniversaire de la lib\u00e9ration de la Cor\u00e9e de l\u2019occupation japonaise (1910-1945), M. Moon avait d\u00e9clar\u00e9 que son objectif \u00e9tait d&rsquo; \u00bbatteindre la paix et l\u2019unification d\u2019ici 2045\u2033, bien que le mandat pr\u00e9sidentiel unique auquel il a \u00e9t\u00e9 \u00e9lu se termine en 2022.<\/p>\n<p>Le communiqu\u00e9 nord-cor\u00e9en a accus\u00e9 S\u00e9oul d\u2019\u00eatre responsable du gel actuel des discussions intercor\u00e9ennes et de la non-application de \u00ab la d\u00e9claration historique de Panmunjom \u00bb.<\/p>\n<p>Cette d\u00e9claration avait \u00e9t\u00e9 adopt\u00e9e lors d\u2019une rencontre impromptue de M. Kim avec le pr\u00e9sident des Etats-Unis Donald Trump \u00e0 Panmunjom, dans la Zone d\u00e9militaris\u00e9e (DMZ) qui s\u00e9pare les deux Cor\u00e9es. Les deux hommes avaient alors d\u00e9cid\u00e9 la reprise prochaine des discussions sur l\u2019arsenal nucl\u00e9aire nord-cor\u00e9en, mais cette annonce ne s\u2019est pas concr\u00e9tis\u00e9e jusqu\u2019\u00e0 pr\u00e9sent.<\/p>\n<p>La Cor\u00e9e du Nord a exclu dans le communiqu\u00e9 publi\u00e9 vendredi une reprise prochaine des pourparlers avec la Cor\u00e9e du Sud. \u00ab Nous n\u2019avons plus rien \u00e0 discuter avec les autorit\u00e9s sud-cor\u00e9ennes et nous n\u2019avons aucune intention de nous r\u00e9unir de nouveau avec elles \u00bb, d\u00e9clare le document.<\/p>\n<p>(AFP)<\/p>\n<p><strong><em>source<\/em><\/strong> : mosaique fm<\/p>\n<p class=\"dpsp-share-text\">Partager c&rsquo;est aimer!<\/p>\n<div class=\"wp-post-author-wrap wp-post-author-shortcode left\">\n<h3 class=\"awpa-title\"\/>\n<div class=\"wp-post-author\">\n<div class=\"awpa-img awpa-author-block square\"><a href=\"http:\/\/lexpertjournal.net\/fr\/author\/expert\/\"><img loading=\"lazy\" decoding=\"async\" alt=\"\" src=\"http:\/\/2.gravatar.com\/avatar\/56d99be2a6f97af88ccb49fada637fcd?s=150&#038;d=mm&#038;r=g\" srcset=\"http:\/\/2.gravatar.com\/avatar\/56d99be2a6f97af88ccb49fada637fcd?s=300&#038;d=mm&#038;r=g 2x\" class=\"avatar avatar-150 photo\" height=\"150\" width=\"150\"\/><\/a><\/div>\n<\/div>\n<\/div>\n<p>Auteur: L&rsquo;expert<br \/>\n<a href=\"http:\/\/lexpertjournal.net\/fr\/2019\/08\/16\/la-coree-du-nord-tire-deux-projectiles-non-identifies\/\">Cliquez ici pour lire l&rsquo;article depuis sa source.<\/a><\/p>\n","protected":false},"excerpt":{"rendered":"<p>La Cor\u00e9e du Nord a tir\u00e9 vendredi deux \u00ab projectiles non identifi\u00e9s \u00bb qui se sont abattus en mer, a annonc\u00e9 l\u2019\u00e9tat-major interarmes de la Cor\u00e9e du Sud. L\u2019\u00e9tat-major a indiqu\u00e9 que ces projectiles avaient \u00e9t\u00e9 tir\u00e9s depuis les environs de Tongchon, une ville de la province de Kangwon, situ\u00e9e dans le sud-est de la [&hellip;]<\/p>\n","protected":false},"author":1775,"featured_media":0,"comment_status":"closed","ping_status":"closed","sticky":false,"template":"","format":"standard","meta":{"fifu_image_url":"","fifu_image_alt":"","footnotes":""},"categories":[78,55],"tags":[],"class_list":["post-53646","post","type-post","status-publish","format-standard","hentry","category-economie","category-tunisie"],"_links":{"self":[{"href":"https:\/\/linitiative.ca\/International\/wp-json\/wp\/v2\/posts\/53646","targetHints":{"allow":["GET"]}}],"collection":[{"href":"https:\/\/linitiative.ca\/International\/wp-json\/wp\/v2\/posts"}],"about":[{"href":"https:\/\/linitiative.ca\/International\/wp-json\/wp\/v2\/types\/post"}],"author":[{"embeddable":true,"href":"https:\/\/linitiative.ca\/International\/wp-json\/wp\/v2\/users\/1775"}],"replies":[{"embeddable":true,"href":"https:\/\/linitiative.ca\/International\/wp-json\/wp\/v2\/comments?post=53646"}],"version-history":[{"count":0,"href":"https:\/\/linitiative.ca\/International\/wp-json\/wp\/v2\/posts\/53646\/revisions"}],"wp:attachment":[{"href":"https:\/\/linitiative.ca\/International\/wp-json\/wp\/v2\/media?parent=53646"}],"wp:term":[{"taxonomy":"category","embeddable":true,"href":"https:\/\/linitiative.ca\/International\/wp-json\/wp\/v2\/categories?post=53646"},{"taxonomy":"post_tag","embeddable":true,"href":"https:\/\/linitiative.ca\/International\/wp-json\/wp\/v2\/tags?post=53646"}],"curies":[{"name":"wp","href":"https:\/\/api.w.org\/{rel}","templated":true}]}}