{"id":53647,"date":"2019-08-16T04:34:55","date_gmt":"2019-08-16T08:34:55","guid":{"rendered":"https:\/\/linitiative.ca\/International\/braquage-a-el-omrane-deux-membres-du-gang-arretes\/"},"modified":"2019-08-16T04:34:55","modified_gmt":"2019-08-16T08:34:55","slug":"braquage-a-el-omrane-deux-membres-du-gang-arretes","status":"publish","type":"post","link":"https:\/\/linitiative.ca\/International\/braquage-a-el-omrane-deux-membres-du-gang-arretes\/","title":{"rendered":"Braquage \u00e0 El Omrane : deux membres du gang arr\u00eat\u00e9s"},"content":{"rendered":"<p>Une source s\u00e9curitaire a confi\u00e9 \u00e0 Mosa\u00efque FM que les agents de la brigade judiciaire num\u00e9ro 17 relevant du district de la s\u00e9curit\u00e9 nationale de S\u00e9joumi, ont r\u00e9ussi jeudi soir, 15 ao\u00fbt 2019 \u00e0 arr\u00eater l\u2019accus\u00e9 principal dans l\u2019affaire du braquage qui a eu lieu quelques plus t\u00f4t \u00e0 El Omrane. Rappelons qu\u2019un client d\u2019une agence bancaire \u00e0 El Omrane, en possession de 45 mille dinars, a \u00e9t\u00e9 victime d\u2019un braquage.<br \/>\u00a0<br \/>La m\u00eame source a indiqu\u00e9 que l\u2019auteur du braquage a \u00e9t\u00e9 arr\u00eat\u00e9 au Bardo apr\u00e8s avoir \u00e9t\u00e9 identifi\u00e9 suite au visionnage des enregistrements d\u2019une cam\u00e9ra de surveillance. L\u2019individu arr\u00eat\u00e9 est un r\u00e9cidiviste de 54 ans.<\/p>\n<p>Il a indiqu\u00e9 lors de son interrogatoire qu\u2019un fonctionnaire travaillent \u00e0 l\u2019agence bancaire transmet des informations sur les clients aux autres membres du gang pour qu\u2019ils soient surveill\u00e9s et suivis.\u00a0 Le fonctionne a \u00e9t\u00e9 arr\u00eat\u00e9 \u00e0 son tour en attendant l\u2019arrestation des quatre autres membres du gang.<\/p>\n<p><strong><em>source<\/em><\/strong> :mosaique fm<\/p>\n<p class=\"dpsp-share-text\">Partager c&rsquo;est aimer!<\/p>\n<div class=\"wp-post-author-wrap wp-post-author-shortcode left\">\n<h3 class=\"awpa-title\"\/>\n<div class=\"wp-post-author\">\n<div class=\"awpa-img awpa-author-block square\"><a href=\"http:\/\/lexpertjournal.net\/fr\/author\/expert\/\"><img loading=\"lazy\" decoding=\"async\" alt=\"\" src=\"http:\/\/2.gravatar.com\/avatar\/56d99be2a6f97af88ccb49fada637fcd?s=150&#038;d=mm&#038;r=g\" srcset=\"http:\/\/2.gravatar.com\/avatar\/56d99be2a6f97af88ccb49fada637fcd?s=300&#038;d=mm&#038;r=g 2x\" class=\"avatar avatar-150 photo\" height=\"150\" width=\"150\"\/><\/a><\/div>\n<\/div>\n<\/div>\n<p>Auteur: L&rsquo;expert<br \/>\n<a href=\"http:\/\/lexpertjournal.net\/fr\/2019\/08\/16\/braquage-a-el-omrane-deux-membres-du-gang-arretes\/\">Cliquez ici pour lire l&rsquo;article depuis sa source.<\/a><\/p>\n","protected":false},"excerpt":{"rendered":"<p>Une source s\u00e9curitaire a confi\u00e9 \u00e0 Mosa\u00efque FM que les agents de la brigade judiciaire num\u00e9ro 17 relevant du district de la s\u00e9curit\u00e9 nationale de S\u00e9joumi, ont r\u00e9ussi jeudi soir, 15 ao\u00fbt 2019 \u00e0 arr\u00eater l\u2019accus\u00e9 principal dans l\u2019affaire du braquage qui a eu lieu quelques plus t\u00f4t \u00e0 El Omrane. Rappelons qu\u2019un client d\u2019une [&hellip;]<\/p>\n","protected":false},"author":1775,"featured_media":0,"comment_status":"closed","ping_status":"closed","sticky":false,"template":"","format":"standard","meta":{"fifu_image_url":"","fifu_image_alt":"","footnotes":""},"categories":[78,55],"tags":[],"class_list":["post-53647","post","type-post","status-publish","format-standard","hentry","category-economie","category-tunisie"],"_links":{"self":[{"href":"https:\/\/linitiative.ca\/International\/wp-json\/wp\/v2\/posts\/53647","targetHints":{"allow":["GET"]}}],"collection":[{"href":"https:\/\/linitiative.ca\/International\/wp-json\/wp\/v2\/posts"}],"about":[{"href":"https:\/\/linitiative.ca\/International\/wp-json\/wp\/v2\/types\/post"}],"author":[{"embeddable":true,"href":"https:\/\/linitiative.ca\/International\/wp-json\/wp\/v2\/users\/1775"}],"replies":[{"embeddable":true,"href":"https:\/\/linitiative.ca\/International\/wp-json\/wp\/v2\/comments?post=53647"}],"version-history":[{"count":0,"href":"https:\/\/linitiative.ca\/International\/wp-json\/wp\/v2\/posts\/53647\/revisions"}],"wp:attachment":[{"href":"https:\/\/linitiative.ca\/International\/wp-json\/wp\/v2\/media?parent=53647"}],"wp:term":[{"taxonomy":"category","embeddable":true,"href":"https:\/\/linitiative.ca\/International\/wp-json\/wp\/v2\/categories?post=53647"},{"taxonomy":"post_tag","embeddable":true,"href":"https:\/\/linitiative.ca\/International\/wp-json\/wp\/v2\/tags?post=53647"}],"curies":[{"name":"wp","href":"https:\/\/api.w.org\/{rel}","templated":true}]}}