{"id":53648,"date":"2019-08-16T05:05:44","date_gmt":"2019-08-16T09:05:44","guid":{"rendered":"https:\/\/linitiative.ca\/International\/hong-kong-spiderman-deploie-une-banderole-pour-la-paix\/"},"modified":"2019-08-16T05:05:44","modified_gmt":"2019-08-16T09:05:44","slug":"hong-kong-spiderman-deploie-une-banderole-pour-la-paix","status":"publish","type":"post","link":"https:\/\/linitiative.ca\/International\/hong-kong-spiderman-deploie-une-banderole-pour-la-paix\/","title":{"rendered":"Hong Kong:  \u00bbSpiderman \u00bb d\u00e9ploie une banderole pour la paix"},"content":{"rendered":"<p><strong>Le \u00ab Spiderman \u00bb fran\u00e7ais Alain Robert a escalad\u00e9 ce vendredi matin un gratte-ciel de Hong Kong avant d\u2019y d\u00e9ployer une \u00ab banderole de la paix \u00bb, au moment o\u00f9 l\u2019ex-colonie britannique vit sa pire crise politique avec des manifestations quasi quotidiennes pour r\u00e9clamer plus de d\u00e9mocratie.<\/strong><\/p>\n<p>Le grimpeur de 57 ans, qui s\u2019est sp\u00e9cialis\u00e9 dans l\u2019escalade d\u2019immeubles, a gravi les 68 \u00e9tages du Cheung Kong Center, dans le quartier financier de Central, alors que le temps \u00e9tait chaud et humide.<\/p>\n<p>Lors de cette ascension, il a d\u00e9ploy\u00e9 une banderole figurant les drapeaux chinois et hongkongais r\u00e9unis, ainsi qu\u2019une poign\u00e9e de mains.<\/p>\n<p>Avant de commencer \u00e0 escalader le b\u00e2timent, il a rendu public un communiqu\u00e9 pour expliquer que cette action \u00e9tait \u00ab un appel urgent \u00e0 des consultations entre les Hongkongais et leur gouvernement \u00bb.<\/p>\n<p>\u00ab Peut-\u00eatre que ce que je fais fera baisser la temp\u00e9rature et provoquera des sourires. C\u2019est en tout cas ce que j\u2019esp\u00e8re \u00bb, a-t-il dit dans un communiqu\u00e9.<\/p>\n<p>Un message qui n\u2019a pas convaincu tout le monde.<\/p>\n<p>\u00ab Voulez-vous vraiment serrer la main des bouchers et des dictateurs? \u00bb, a tweet\u00e9 le caricaturiste chinois Badiucao, dissident bas\u00e9 en Australie.<\/p>\n<p>\u00ab Cela montre que de nombreux \u00e9trangers ne comprennent pas le fond du probl\u00e8me entre Hong Kong et la Chine \u00bb, a r\u00e9agi de son c\u00f4t\u00e9 un internaute sur un forum.<\/p>\n<p>Hong Kong est depuis d\u00e9but juin le th\u00e9\u00e2tre de manifestations monstres, et parfois violentes.<\/p>\n<p>La mobilisation, qui \u00e9tait n\u00e9e du rejet d\u2019un projet de loi qui visait \u00e0 autoriser les extraditions vers la Chine, a consid\u00e9rablement \u00e9largi ses revendications, demandant d\u00e9sormais notamment l\u2019av\u00e8nement du suffrage universel.<\/p>\n<p>Ce mouvement constitue pour les autorit\u00e9s hongkongaises et pour P\u00e9kin le plus gros d\u00e9fi dans l\u2019ex-colonie britannique depuis sa r\u00e9trocession en 1997.<\/p>\n<p>M. Robert est maintes fois venu \u00e0 Hong Kong escalader ses immeubles. La ville compte la concentration de gratte-ciel la plus \u00e9lev\u00e9e au monde.<\/p>\n<p>Il avait notamment escalad\u00e9 deux fois le Cheung Kong Center.<\/p>\n<p><strong><em>source<\/em><\/strong> : mosaique fm<\/p>\n<p class=\"dpsp-share-text\">Partager c&rsquo;est aimer!<\/p>\n<div class=\"wp-post-author-wrap wp-post-author-shortcode left\">\n<h3 class=\"awpa-title\"\/>\n<div class=\"wp-post-author\">\n<div class=\"awpa-img awpa-author-block square\"><a href=\"http:\/\/lexpertjournal.net\/fr\/author\/expert\/\"><img loading=\"lazy\" decoding=\"async\" alt=\"\" src=\"http:\/\/2.gravatar.com\/avatar\/56d99be2a6f97af88ccb49fada637fcd?s=150&#038;d=mm&#038;r=g\" srcset=\"http:\/\/2.gravatar.com\/avatar\/56d99be2a6f97af88ccb49fada637fcd?s=300&#038;d=mm&#038;r=g 2x\" class=\"avatar avatar-150 photo\" height=\"150\" width=\"150\"\/><\/a><\/div>\n<\/div>\n<\/div>\n<p>Auteur: L&rsquo;expert<br \/>\n<a href=\"http:\/\/lexpertjournal.net\/fr\/2019\/08\/16\/hong-kong-spiderman-deploie-une-banderole-pour-la-paix\/\">Cliquez ici pour lire l&rsquo;article depuis sa source.<\/a><\/p>\n","protected":false},"excerpt":{"rendered":"<p>Le \u00ab Spiderman \u00bb fran\u00e7ais Alain Robert a escalad\u00e9 ce vendredi matin un gratte-ciel de Hong Kong avant d\u2019y d\u00e9ployer une \u00ab banderole de la paix \u00bb, au moment o\u00f9 l\u2019ex-colonie britannique vit sa pire crise politique avec des manifestations quasi quotidiennes pour r\u00e9clamer plus de d\u00e9mocratie. Le grimpeur de 57 ans, qui s\u2019est sp\u00e9cialis\u00e9 [&hellip;]<\/p>\n","protected":false},"author":1775,"featured_media":0,"comment_status":"closed","ping_status":"closed","sticky":false,"template":"","format":"standard","meta":{"fifu_image_url":"","fifu_image_alt":"","footnotes":""},"categories":[78,55],"tags":[],"class_list":["post-53648","post","type-post","status-publish","format-standard","hentry","category-economie","category-tunisie"],"_links":{"self":[{"href":"https:\/\/linitiative.ca\/International\/wp-json\/wp\/v2\/posts\/53648","targetHints":{"allow":["GET"]}}],"collection":[{"href":"https:\/\/linitiative.ca\/International\/wp-json\/wp\/v2\/posts"}],"about":[{"href":"https:\/\/linitiative.ca\/International\/wp-json\/wp\/v2\/types\/post"}],"author":[{"embeddable":true,"href":"https:\/\/linitiative.ca\/International\/wp-json\/wp\/v2\/users\/1775"}],"replies":[{"embeddable":true,"href":"https:\/\/linitiative.ca\/International\/wp-json\/wp\/v2\/comments?post=53648"}],"version-history":[{"count":0,"href":"https:\/\/linitiative.ca\/International\/wp-json\/wp\/v2\/posts\/53648\/revisions"}],"wp:attachment":[{"href":"https:\/\/linitiative.ca\/International\/wp-json\/wp\/v2\/media?parent=53648"}],"wp:term":[{"taxonomy":"category","embeddable":true,"href":"https:\/\/linitiative.ca\/International\/wp-json\/wp\/v2\/categories?post=53648"},{"taxonomy":"post_tag","embeddable":true,"href":"https:\/\/linitiative.ca\/International\/wp-json\/wp\/v2\/tags?post=53648"}],"curies":[{"name":"wp","href":"https:\/\/api.w.org\/{rel}","templated":true}]}}