{"id":55689,"date":"2019-08-16T13:05:36","date_gmt":"2019-08-16T17:05:36","guid":{"rendered":"https:\/\/linitiative.ca\/International\/manifestation-du-mechouar-commemoration-du-66e-anniversaire\/"},"modified":"2019-08-16T13:05:36","modified_gmt":"2019-08-16T17:05:36","slug":"manifestation-du-mechouar-commemoration-du-66e-anniversaire","status":"publish","type":"post","link":"https:\/\/linitiative.ca\/International\/manifestation-du-mechouar-commemoration-du-66e-anniversaire\/","title":{"rendered":"Manifestation du Mechouar: Comm\u00e9moration du 66\u00e8 anniversaire"},"content":{"rendered":"<div readability=\"36\">\n<p>Marrakech \u2013 Un grand meeting a \u00e9t\u00e9 organis\u00e9, jeudi \u00e0 Marrakech, par le Haut Commissariat aux anciens r\u00e9sistants et anciens membres de l\u2019arm\u00e9e de lib\u00e9ration en comm\u00e9moration du 66\u00e8me anniversaire de la manifestation du Mechouar de 1953.<\/p>\n<\/div>\n<div readability=\"108\">\n<p>Ce soul\u00e8vement populaire a constitu\u00e9 la premi\u00e8re \u00e9tincelle ayant d\u00e9clench\u00e9 l\u2019\u00e9pop\u00e9e du mouvement de la r\u00e9sistance dans la cit\u00e9 ocre et les autres parties du territoire national pour la d\u00e9fense de la l\u00e9galit\u00e9 et de la l\u00e9gitimit\u00e9 historiques, des valeurs sacr\u00e9es religieuses et des constantes de la Nation.<\/p>\n<p>Dans un mot de circonstance, le Haut Commissaire aux anciens r\u00e9sistants et anciens membres de l\u2019arm\u00e9e de lib\u00e9ration, Mustapha El Ktiri, a indiqu\u00e9 que cet \u00e9v\u00e9nement exceptionnel au Maroc a \u00e9t\u00e9 un tournant majeur et d\u00e9cisif dans l\u2019Histoire de la lutte nationale engag\u00e9e contre le colonisateur, ajoutant que cette manifestation a fortement perturb\u00e9 la pr\u00e9sence de l\u2019occupant et mis en \u00e9chec ses vilains desseins.<\/p>\n<p>Le colonisateur a ainsi saisi, sans ambages, l\u2019impossibilit\u00e9 de l\u2019ex\u00e9cution de son complot ignoble et s\u2019est rendu \u00e0 l\u2019\u00e9vidence que le peuple marocain est fortement mobilis\u00e9 comme un seul homme pour contrecarrer toutes les conspirations et tentatives visant \u00e0 porter atteinte aux valeurs sacr\u00e9es et aux constantes de la Patrie.<\/p>\n<p>M. El Ktiri a relev\u00e9 que l\u2019\u00e9ternelle manifestation du Mechouar, qui repr\u00e9sente la premi\u00e8re \u00e9tincelle de la glorieuse \u00e9pop\u00e9e de la R\u00e9volution du Roi et du Peuple dans la cit\u00e9 ocre, avant de s\u2019\u00e9tendre \u00e0 l\u2019ensemble du territoire du Royaume, a \u00e9t\u00e9 grav\u00e9e en lettres d\u2019or dans la riche Histoire du Maroc moderne.<\/p>\n<p>Il a soulign\u00e9 que le Haut Commissariat aux anciens r\u00e9sistants et anciens membres de l\u2019arm\u00e9e de lib\u00e9ration veille \u00e0 la comm\u00e9moration de l\u2019anniversaire de la manifestation du Mechouar, \u00e0 l\u2019instar des autres \u00e9v\u00e9nements historiques nationaux, en vue de consacrer le devoir d\u2019honorer la m\u00e9moire historique nationale et locale, de se rem\u00e9morer ses p\u00e9rip\u00e9ties, de s\u2019inspirer des pages rayonnantes du militantisme et de la lutte nationale, et de s\u2019impr\u00e9gner des valeurs du patriotisme sinc\u00e8re et de citoyennet\u00e9 positive afin de les diffuser et les inculquer aux g\u00e9n\u00e9rations montantes.<\/p>\n<p>M. El Ktiri a, dans ce cadre, insist\u00e9 sur la n\u00e9cessit\u00e9 de la pr\u00e9servation de la m\u00e9moire historique et des gloires de la lutte nationale afin de permettre aux g\u00e9n\u00e9rations actuelles et futures de s\u2019impr\u00e9gner des valeurs de patriotisme sinc\u00e8re et d\u2019esprit de citoyennet\u00e9 positive pour la d\u00e9fense des valeurs sacr\u00e9es et des constantes de la Nation ainsi que de l\u2019int\u00e9grit\u00e9 territoriale du Royaume et l\u2019adh\u00e9sion \u00e0 l\u2019\u00e9dification du pays, au processus de d\u00e9veloppement int\u00e9gr\u00e9 et inclusif et \u00e0 la consolidation du projet soci\u00e9tal moderniste d\u00e9mocratique du Maroc nouveau sous la conduite \u00e9clair\u00e9e de SM le Roi Mohammed VI.<\/p>\n<p>Il a, en outre, r\u00e9it\u00e9r\u00e9 la mobilisation constante de la famille de la r\u00e9sistance et de l\u2019arm\u00e9e de lib\u00e9ration, sous la conduite sage de SM le Roi, pour la d\u00e9fense de l\u2019int\u00e9grit\u00e9 territoriale du Royaume et des valeurs sacr\u00e9es de la Nation, ainsi que son plein soutien \u00e0 l\u2019initiative d\u2019autonomie des provinces du sud sous souverainet\u00e9 marocaine.<\/p>\n<p>Ce meeting a \u00e9t\u00e9 marqu\u00e9 par d\u2019autres interventions et t\u00e9moignages qui ont jet\u00e9 la lumi\u00e8re sur cette manifestation populaire et ses diff\u00e9rentes p\u00e9rip\u00e9ties et profondes significations, tout en c\u00e9l\u00e9brant l\u2019Histoire de l\u2019\u00e9pop\u00e9e de la lutte nationale et en honorant la m\u00e9moire de ses symboles et grandes figures qui ont tout sacrifi\u00e9 pour le recouvrement de la libert\u00e9, de l\u2019ind\u00e9pendance et de l\u2019int\u00e9grit\u00e9 territoriale du pays.<\/p>\n<p>A cette occasion, un hommage a \u00e9t\u00e9 rendu \u00e0 plusieurs anciens r\u00e9sistants et membres de l\u2019arm\u00e9e de lib\u00e9ration en signe de reconnaissance des nobles services rendus et des grands sacrifices consentis, en faisant notamment don de leurs vies, pour la d\u00e9fense de leur religion, de leur Patrie, du Tr\u00f4ne et de la cause nationale.<\/p>\n<p>Des aides financi\u00e8res et sociales ont \u00e9t\u00e9 \u00e9galement distribu\u00e9es au profit de plusieurs familles et veuves d\u2019anciens r\u00e9sistants et membres de l\u2019arm\u00e9e de lib\u00e9ration.<\/p>\n<\/div>\n<p>Auteur: Meriem IGASS<br \/>\n<a href=\"http:\/\/www.mapmarrakech.ma\/fr\/manifestation-du-mechouar-meeting-en-commemoration-du-66e-anniversaire\/\">Cliquez ici pour lire l&rsquo;article depuis sa source.<\/a><\/p>\n","protected":false},"excerpt":{"rendered":"<p>Marrakech \u2013 Un grand meeting a \u00e9t\u00e9 organis\u00e9, jeudi \u00e0 Marrakech, par le Haut Commissariat aux anciens r\u00e9sistants et anciens membres de l\u2019arm\u00e9e de lib\u00e9ration en comm\u00e9moration du 66\u00e8me anniversaire de la manifestation du Mechouar de 1953. Ce soul\u00e8vement populaire a constitu\u00e9 la premi\u00e8re \u00e9tincelle ayant d\u00e9clench\u00e9 l\u2019\u00e9pop\u00e9e du mouvement de la r\u00e9sistance dans la [&hellip;]<\/p>\n","protected":false},"author":1788,"featured_media":0,"comment_status":"closed","ping_status":"closed","sticky":false,"template":"","format":"standard","meta":{"fifu_image_url":"","fifu_image_alt":"","footnotes":""},"categories":[54,76],"tags":[],"class_list":["post-55689","post","type-post","status-publish","format-standard","hentry","category-maroc","category-regions"],"_links":{"self":[{"href":"https:\/\/linitiative.ca\/International\/wp-json\/wp\/v2\/posts\/55689","targetHints":{"allow":["GET"]}}],"collection":[{"href":"https:\/\/linitiative.ca\/International\/wp-json\/wp\/v2\/posts"}],"about":[{"href":"https:\/\/linitiative.ca\/International\/wp-json\/wp\/v2\/types\/post"}],"author":[{"embeddable":true,"href":"https:\/\/linitiative.ca\/International\/wp-json\/wp\/v2\/users\/1788"}],"replies":[{"embeddable":true,"href":"https:\/\/linitiative.ca\/International\/wp-json\/wp\/v2\/comments?post=55689"}],"version-history":[{"count":0,"href":"https:\/\/linitiative.ca\/International\/wp-json\/wp\/v2\/posts\/55689\/revisions"}],"wp:attachment":[{"href":"https:\/\/linitiative.ca\/International\/wp-json\/wp\/v2\/media?parent=55689"}],"wp:term":[{"taxonomy":"category","embeddable":true,"href":"https:\/\/linitiative.ca\/International\/wp-json\/wp\/v2\/categories?post=55689"},{"taxonomy":"post_tag","embeddable":true,"href":"https:\/\/linitiative.ca\/International\/wp-json\/wp\/v2\/tags?post=55689"}],"curies":[{"name":"wp","href":"https:\/\/api.w.org\/{rel}","templated":true}]}}