{"id":55796,"date":"2019-08-16T13:54:13","date_gmt":"2019-08-16T17:54:13","guid":{"rendered":"https:\/\/linitiative.ca\/International\/alger-28-hectares-de-forets-ravages-par-les-feux-depuis-debut-juin-2019\/"},"modified":"2019-08-16T13:54:13","modified_gmt":"2019-08-16T17:54:13","slug":"alger-28-hectares-de-forets-ravages-par-les-feux-depuis-debut-juin-2019","status":"publish","type":"post","link":"https:\/\/linitiative.ca\/International\/alger-28-hectares-de-forets-ravages-par-les-feux-depuis-debut-juin-2019\/","title":{"rendered":"Alger: 28 hectares de for\u00eats ravag\u00e9s par les feux depuis d\u00e9but juin 2019"},"content":{"rendered":"<div>\n<div class=\"K2FeedImage\"><img decoding=\"async\" src=\"http:\/\/www.aps.dz\/media\/k2\/items\/cache\/c02b8cd4d2fd2d14d70739f97d01c386_S.jpg\" alt=\"Alger: 28 hectares de for\u00eats ravag\u00e9s par les feux depuis d\u00e9but juin 2019\"><\/div>\n<div class=\"K2FeedIntroText\">\n<p><strong>ALGER &#8211; Les incendies enregistr\u00e9s dans certaines for\u00eats de la capitale depuis l&rsquo;activation du Plan de lutte contre les incendies, d\u00e9but juin 2019, ont ravag\u00e9 28 hectares de for\u00eats, de maquis et de broussaille, a-t-on appris vendredi aupr\u00e8s de la charg\u00e9e de l&rsquo;Information \u00e0 la Direction des for\u00eats et de la ceinture verte de la wilaya d&rsquo;Alger, Imane Saidi.<\/strong><\/p>\n<\/div>\n<div class=\"K2FeedFullText\">\n<p>Depuis l&rsquo;activation du Plan de lutte contre les incendies d\u00e9but juin 2019 et jusqu&rsquo;au 14 ao\u00fbt, 61 foyers de feu ont \u00e9t\u00e9 enregistr\u00e9s, lesquels ont ravag\u00e9\u00a0 28 hectares de for\u00eats, de maquis et de broussaille, a d\u00e9clar\u00e9 \u00e0 l&rsquo;APS Mme Saidi, pr\u00e9cisant que la for\u00eat de Ba\u00efnem dans la commune de Hammamet, qui s&rsquo;\u00e9tend sur une superficie de 504 hectares, est la plus touch\u00e9e, 25 hectares de cette for\u00eat ayant \u00e9t\u00e9 parcourus par le feu.<\/p>\n<p>L&rsquo;intervention rapide des agents de la Conservation des for\u00eats a permis de circonscrire les foyers de feu dans les for\u00eats de Ba\u00efnem, Ben Aknoun, Bouchaoui et Magt\u00e2a Khira entre autres, a estim\u00e9 la charg\u00e9e de l&rsquo;Information.<\/p>\n<p>Quant \u00e0 l&rsquo;origine de ces incendies, Mme Saidi a expliqu\u00e9 que les d\u00e9chets et autres r\u00e9sidus inflammables laiss\u00e9s par certains promeneurs dans les for\u00eats \u00ab\u00a0par manque de civisme ou par inconscience\u00a0\u00bb prennent feu rapidement avec les temp\u00e9ratures records enregistr\u00e9es cet \u00e9t\u00e9.<\/p>\n<p>Le Plan de lutte contre les incendies de for\u00eats qui court jusqu&rsquo;au 31 octobre 2019 est \u00ab\u00a0un m\u00e9canisme qui a fait ses preuves\u00a0\u00bb dans la lutte contre les feux et la r\u00e9duction des superficies ravag\u00e9es en vue de pr\u00e9server les 5.000 hectares de superficies foresti\u00e8res que compte la capitale, gr\u00e2ce \u00e0 la mobilisation d&rsquo;\u00e9quipes d&rsquo;intervention rapide dot\u00e9es des moyens et des \u00e9quipements n\u00e9cessaires pour intervenir avant l&rsquo;arriv\u00e9e des services de la Protection civile lorsqu&rsquo;un feu se d\u00e9clare, a fait savoir la responsable.<\/p>\n<hr>\n<h3>Lire aussi:\u00a0<a href=\"http:\/\/www.aps.dz\/societe\/93030-plus-de-9-000-ha-ravages-par-les-incendies-depuis-le-debut-de-la-saison-estivale-2019\" target=\"_blank\" rel=\"noopener noreferrer\">Plus de 9.000 ha ravag\u00e9s par les incendies depuis le d\u00e9but de la saison estivale 2019<\/a><\/h3>\n<hr>\n<p>Dans ce cadre, des camions-citernes sont \u00e9galement mobilis\u00e9s au niveau des for\u00eats de Bouchaoui, Ba\u00efnem et Ben Aknoun et des dizaines de points d&rsquo;eau sont op\u00e9rationnels \u00e0 travers les grandes superficies foresti\u00e8res de la wilaya d&rsquo;Alger, a ajout\u00e9 Mme Saidi, faisant \u00e9tat d&rsquo;autres mesures telles que la g\u00e9n\u00e9ralisation des appareils de t\u00e9l\u00e9communications pour faciliter les communications \u00e0 travers les sites forestiers de la wilaya d&rsquo;Alger.<\/p>\n<p>Pour mettre en \u0153uvre ledit plan, les autorit\u00e9s ont aussi mobilis\u00e9 des colonnes mobiles compos\u00e9es d&rsquo;agents forestiers appuy\u00e9s par des agents saisonniers, travaillant suivant un programme de permanence 24h\/24 afin d&rsquo;assurer la veille, notamment au niveau de la r\u00e9gion ouest de la capitale qui repr\u00e9sente 70% de couvert v\u00e9g\u00e9tal, \u00e0 l&rsquo;instar des for\u00eats de Ben Aknoun, Bouchaoui et Ba\u00efnem, a pr\u00e9cis\u00e9 la charg\u00e9 d&rsquo;Information.<\/p>\n<p>Ces colonnes sont dot\u00e9es de tous les \u00e9quipements n\u00e9cessaires pour l&rsquo;intervention rapide, notamment trois v\u00e9hicules 4&#215;4 \u00e9quip\u00e9s de citernes, ainsi que de mat\u00e9riel de t\u00e9l\u00e9communications, a-t-elle ajout\u00e9, rappelant l&rsquo;am\u00e9nagement de 25 points d&rsquo;eau et la mise en place de cinq (5) tours de vigie r\u00e9parties \u00e0 travers les principales for\u00eats de la capitale.<\/p>\n<p>La wilaya d&rsquo;Alger dispose d&rsquo;un patrimoine forestier de plus de 5.000 hectares r\u00e9partis sur 113 sites.<\/p>\n<\/div>\n<\/div>\n<p>Auteur:<br \/>\n<a href=\"http:\/\/www.aps.dz\/regions\/93246-alger-28-hectares-de-forets-ravages-par-les-feux-depuis-debut-juin-2019\">Cliquez ici pour lire l&rsquo;article depuis sa source.<\/a><\/p>\n","protected":false},"excerpt":{"rendered":"<p>ALGER &#8211; Les incendies enregistr\u00e9s dans certaines for\u00eats de la capitale depuis l&rsquo;activation du Plan de lutte contre les incendies, d\u00e9but juin 2019, ont ravag\u00e9 28 hectares de for\u00eats, de maquis et de broussaille, a-t-on appris vendredi aupr\u00e8s de la charg\u00e9e de l&rsquo;Information \u00e0 la Direction des for\u00eats et de la ceinture verte de la [&hellip;]<\/p>\n","protected":false},"author":1790,"featured_media":55797,"comment_status":"closed","ping_status":"closed","sticky":false,"template":"","format":"standard","meta":{"fifu_image_url":"","fifu_image_alt":"","footnotes":""},"categories":[53,76],"tags":[],"class_list":["post-55796","post","type-post","status-publish","format-standard","has-post-thumbnail","hentry","category-algerie","category-regions"],"_links":{"self":[{"href":"https:\/\/linitiative.ca\/International\/wp-json\/wp\/v2\/posts\/55796","targetHints":{"allow":["GET"]}}],"collection":[{"href":"https:\/\/linitiative.ca\/International\/wp-json\/wp\/v2\/posts"}],"about":[{"href":"https:\/\/linitiative.ca\/International\/wp-json\/wp\/v2\/types\/post"}],"author":[{"embeddable":true,"href":"https:\/\/linitiative.ca\/International\/wp-json\/wp\/v2\/users\/1790"}],"replies":[{"embeddable":true,"href":"https:\/\/linitiative.ca\/International\/wp-json\/wp\/v2\/comments?post=55796"}],"version-history":[{"count":0,"href":"https:\/\/linitiative.ca\/International\/wp-json\/wp\/v2\/posts\/55796\/revisions"}],"wp:featuredmedia":[{"embeddable":true,"href":"https:\/\/linitiative.ca\/International\/wp-json\/"}],"wp:attachment":[{"href":"https:\/\/linitiative.ca\/International\/wp-json\/wp\/v2\/media?parent=55796"}],"wp:term":[{"taxonomy":"category","embeddable":true,"href":"https:\/\/linitiative.ca\/International\/wp-json\/wp\/v2\/categories?post=55796"},{"taxonomy":"post_tag","embeddable":true,"href":"https:\/\/linitiative.ca\/International\/wp-json\/wp\/v2\/tags?post=55796"}],"curies":[{"name":"wp","href":"https:\/\/api.w.org\/{rel}","templated":true}]}}