{"id":55798,"date":"2019-08-15T17:34:26","date_gmt":"2019-08-15T21:34:26","guid":{"rendered":"https:\/\/linitiative.ca\/International\/installation-de-nouveaux-agents-dautorite\/"},"modified":"2019-08-15T17:34:26","modified_gmt":"2019-08-15T21:34:26","slug":"installation-de-nouveaux-agents-dautorite","status":"publish","type":"post","link":"https:\/\/linitiative.ca\/International\/installation-de-nouveaux-agents-dautorite\/","title":{"rendered":"Installation de nouveaux agents d\u2019autorit\u00e9"},"content":{"rendered":"<p class=\"c1\">Des agents d\u2019autorit\u00e9 nouvellement nomm\u00e9s dans la pr\u00e9fecture d\u2019Oujda-Angad, dans le cadre du mouvement op\u00e9r\u00e9 par le minist\u00e8re de l\u2019Int\u00e9rieur, ont \u00e9t\u00e9 install\u00e9s jeudi dans leurs fonctions.<\/p>\n<p class=\"c1\">Ce mouvement, qui vise \u00e0 apporter du sang neuf et donner une nouvelle dynamique \u00e0 l\u2019administration territoriale, a concern\u00e9 12 agents d\u2019autorit\u00e9, dont le secr\u00e9taire g\u00e9n\u00e9ral de la pr\u00e9fecture d\u2019Oujda-Angad, le chef de la Division des Affaires int\u00e9rieures, des chefs de districts, des ca\u00efds et des chefs d\u2019annexes administratives relevant de la pr\u00e9fecture.<\/p>\n<p class=\"c1\">Intervenant \u00e0 cette occasion, le wali de la r\u00e9gion de l\u2019Oriental et gouverneur de la pr\u00e9fecture d\u2019Oujda-Angad, Mouad El Jamai, a mis en avant l\u2019objectif escompt\u00e9 par le minist\u00e8re en entreprenant ce mouvement et les crit\u00e8res adopt\u00e9s \u00e0 cet effet.<\/p>\n<p class=\"c1\">Il a relev\u00e9 dans ce sens que ce mouvement s\u2019inscrit dans le cadre de la mise en \u0153uvre des Hautes orientations de SM le Roi Mohammed VI concernant la prise des mesures n\u00e9cessaires en vue d\u2019une meilleure efficacit\u00e9 et une rationalisation exemplaire des ressources humaines parmi le corps des agents d\u2019autorit\u00e9.<\/p>\n<p class=\"c1\">M. El Jamai a soulign\u00e9 que le minist\u00e8re veille \u00e0 doter l\u2019administration territoriale de ressources humaines qualifi\u00e9es en vue d\u2019une meilleure efficacit\u00e9 et ce, \u00e0 travers la cons\u00e9cration des crit\u00e8res de comp\u00e9tence, de m\u00e9rite et d\u2019\u00e9galit\u00e9 des chances dans la nomination aux postes de responsabilit\u00e9, et la mise en \u0153uvre du principe constitutionnel de reddition des comptes.<\/p>\n<p class=\"c1\">Il a par ailleurs appel\u00e9 les nouveaux responsables \u00e0 faire preuve de sagesse, de s\u00e9r\u00e9nit\u00e9 et d\u2019engagement pour assurer une meilleure gestion des affaires publiques et pour r\u00e9pondre efficacement aux pr\u00e9occupations des citoyens.<\/p>\n<p class=\"c1\">Le wali a invit\u00e9 aussi les agents d\u2019autorit\u00e9 \u00e0 s\u2019ouvrir davantage sur l\u2019ensemble des composantes de la soci\u00e9t\u00e9 civile et \u00e0 conforter le nouveau concept de l\u2019autorit\u00e9, bas\u00e9 sur la politique de proximit\u00e9 et de communication qui requiert une pr\u00e9sence permanente sur le terrain pour \u00eatre proche des citoyens et \u00e0 l\u2019\u00e9coute de leurs dol\u00e9ances et de leurs pr\u00e9occupations.<\/p>\n<p class=\"c1\">Etaient pr\u00e9sents \u00e0 la c\u00e9r\u00e9monie des repr\u00e9sentants des autorit\u00e9s judiciaires, des chefs des services ext\u00e9rieurs, des \u00e9lus, des acteurs de la soci\u00e9t\u00e9 civile et d\u2019autres personnalit\u00e9s civiles et militaires.<\/p>\n<p class=\"c1\">A rappeler que le minist\u00e8re de l\u2019Int\u00e9rieur a entrepris un mouvement dans les rangs des agents d\u2019autorit\u00e9 qui a concern\u00e9 895 agents, soit pr\u00e8s de 20% de l\u2019ensemble des membres de ce corps exer\u00e7ant au sein de l\u2019Administration territoriale.<\/p>\n<p>Auteur: Soufiane ELAHMAR<br \/>\n<a href=\"http:\/\/www.mapoujda.ma\/fr\/installation-de-nouveaux-agents-dautorite\/\">Cliquez ici pour lire l&rsquo;article depuis sa source.<\/a><\/p>\n","protected":false},"excerpt":{"rendered":"<p>Des agents d\u2019autorit\u00e9 nouvellement nomm\u00e9s dans la pr\u00e9fecture d\u2019Oujda-Angad, dans le cadre du mouvement op\u00e9r\u00e9 par le minist\u00e8re de l\u2019Int\u00e9rieur, ont \u00e9t\u00e9 install\u00e9s jeudi dans leurs fonctions. Ce mouvement, qui vise \u00e0 apporter du sang neuf et donner une nouvelle dynamique \u00e0 l\u2019administration territoriale, a concern\u00e9 12 agents d\u2019autorit\u00e9, dont le secr\u00e9taire g\u00e9n\u00e9ral de la [&hellip;]<\/p>\n","protected":false},"author":1788,"featured_media":0,"comment_status":"closed","ping_status":"closed","sticky":false,"template":"","format":"standard","meta":{"fifu_image_url":"","fifu_image_alt":"","footnotes":""},"categories":[54,76],"tags":[],"class_list":["post-55798","post","type-post","status-publish","format-standard","hentry","category-maroc","category-regions"],"_links":{"self":[{"href":"https:\/\/linitiative.ca\/International\/wp-json\/wp\/v2\/posts\/55798","targetHints":{"allow":["GET"]}}],"collection":[{"href":"https:\/\/linitiative.ca\/International\/wp-json\/wp\/v2\/posts"}],"about":[{"href":"https:\/\/linitiative.ca\/International\/wp-json\/wp\/v2\/types\/post"}],"author":[{"embeddable":true,"href":"https:\/\/linitiative.ca\/International\/wp-json\/wp\/v2\/users\/1788"}],"replies":[{"embeddable":true,"href":"https:\/\/linitiative.ca\/International\/wp-json\/wp\/v2\/comments?post=55798"}],"version-history":[{"count":0,"href":"https:\/\/linitiative.ca\/International\/wp-json\/wp\/v2\/posts\/55798\/revisions"}],"wp:attachment":[{"href":"https:\/\/linitiative.ca\/International\/wp-json\/wp\/v2\/media?parent=55798"}],"wp:term":[{"taxonomy":"category","embeddable":true,"href":"https:\/\/linitiative.ca\/International\/wp-json\/wp\/v2\/categories?post=55798"},{"taxonomy":"post_tag","embeddable":true,"href":"https:\/\/linitiative.ca\/International\/wp-json\/wp\/v2\/tags?post=55798"}],"curies":[{"name":"wp","href":"https:\/\/api.w.org\/{rel}","templated":true}]}}