{"id":56497,"date":"2019-08-16T05:45:00","date_gmt":"2019-08-16T09:45:00","guid":{"rendered":"https:\/\/linitiative.ca\/International\/fes-luemf-sallie-a-lecole-polytechnique\/"},"modified":"2019-08-16T05:45:00","modified_gmt":"2019-08-16T09:45:00","slug":"fes-luemf-sallie-a-lecole-polytechnique","status":"publish","type":"post","link":"https:\/\/linitiative.ca\/International\/fes-luemf-sallie-a-lecole-polytechnique\/","title":{"rendered":"F\u00e8s: L\u2019UEMF s\u2019allie \u00e0 l\u2019Ecole polytechnique"},"content":{"rendered":"<div class=\"dnd-atom-wrapper type-image context-sdl_editor_representation atom-align-right\" contenteditable=\"false\" readability=\"33.5\">\n<div class=\"dnd-drop-wrapper image\"><img loading=\"lazy\" decoding=\"async\" typeof=\"foaf:Image\" class=\"img-responsive\" src=\"https:\/\/www.leconomiste.com\/sites\/default\/files\/eco7\/public\/thumbnails\/image\/mostapha_bousmina_074.jpg\" width=\"251\" height=\"340\" alt=\"mostapha_bousmina_074.jpg\" title=\"mostapha_bousmina_074.jpg\"\/><\/div>\n<div class=\"dnd-legend-wrapper\" contenteditable=\"true\" readability=\"12\">\n<p class=\"rtejustify\">\u00abL\u2019Ecole Euromed d\u2019ing\u00e9nierie digitale et d\u2019intelligence artificielle est une plateforme d\u2019enseignement et de recherche-innovation qui sera ouverte \u00e0 l\u2019ensemble des \u00e9tudiants et chercheurs du royaume et des pays africains. Elle r\u00e9pondra aux besoins des industries de demain et renforcera l\u2019attractivit\u00e9 de la r\u00e9gion\u00bb, indique Mostapha Bousmina, pr\u00e9sident de l\u2019UEMF <em>(Ph. YSA)<\/em><\/p>\n<\/div>\n<\/div>\n<p class=\"rtejustify\">C\u2019est l\u2019universit\u00e9 qui fait le plus parler d\u2019elle. Partenariats acad\u00e9miques, \u00e9co-campus, fili\u00e8res de pointe, s\u00e9minaires, journ\u00e9es portes ouvertes et rencontres de haut niveau\u2026l\u2019Universit\u00e9 Euro-m\u00e9diterran\u00e9enne de F\u00e8s (UEMF) fait l\u2019actualit\u00e9.<\/p>\n<p class=\"rtejustify\">En quelques ann\u00e9es, cette universit\u00e9 est devenue une r\u00e9f\u00e9rence internationale et le porte-drapeau de l\u2019activit\u00e9 culturelle, scientifique, sociale et de recherche. Cinq ans apr\u00e8s son ouverture, l\u2019UEMF est de loin l\u2019universit\u00e9 la plus convoit\u00e9e dans la r\u00e9gion F\u00e8s-Mekn\u00e8s.<\/p>\n<p class=\"rtejustify\">Avec des \u00e9quipements \u00e0 la fine pointe de la technologie et un management impr\u00e9gn\u00e9 moderne, elle ambitionne d\u2019\u00eatre un p\u00f4le d\u2019excellence et de rayonnement pr\u00e9parant l\u2019\u00e9lite capable de relever les d\u00e9fis actuels et futurs. L\u2019UEMF d\u00e9veloppe \u00e0 cet effet des programmes de formation et de recherche innovants ob\u00e9issant aux meilleurs standards internationaux.<\/p>\n<p class=\"rtejustify\">Plac\u00e9e sous la pr\u00e9sidence d\u2019honneur du Roi, l\u2019UEMF se compose de deux p\u00f4les: le p\u00f4le Ing\u00e9nierie et Architecture et le p\u00f4le Sciences humaines et sociales (SHS). Son \u00e9co-campus est de faible carbone et permet \u00e0 une vingtaine de nationalit\u00e9s issues des diff\u00e9rents pays des deux rives de la M\u00e9diterran\u00e9e de se c\u00f4toyer. Et c\u2019est l\u00e0 l\u2019une des raisons qui encouragent des institutions de renom de se rapprocher de l\u2019UEMF.<\/p>\n<p class=\"rtejustify\">En ce sens, Frank Pacard et Mostapha Bousmina, respectivement le directeur de l\u2019enseignement et de la recherche de l\u2019\u00c9cole polytechnique et pr\u00e9sident de l\u2019Universit\u00e9 Euromed, ont sign\u00e9, le 12 juillet dernier, un accord de coop\u00e9ration au si\u00e8ge du minist\u00e8re de l\u2019Education nationale.<\/p>\n<p class=\"rtejustify\">La c\u00e9r\u00e9monie de signature s\u2019est tenue en pr\u00e9sence de Fr\u00e9d\u00e9rique Vidal, ministre fran\u00e7aise de l\u2019enseignement sup\u00e9rieur, de la recherche et de l\u2019innovation, et Said Amzazi, ministre de l\u2019\u00e9ducation nationale, de la formation professionnelle, de l\u2019enseignement sup\u00e9rieur et de la recherche scientifique.<\/p>\n<p class=\"rtejustify\">Cette collaboration renouvel\u00e9e entre les deux partenaires vient confirmer l\u2019int\u00e9r\u00eat r\u00e9ciproque des deux institutions de d\u00e9velopper et de mettre en oeuvre des formations co-dipl\u00f4mantes, particuli\u00e8rement dans le domaine de l\u2019\u00e9nergie et de l\u2019environnement.<\/p>\n<p class=\"rtejustify\">\u00abL\u2019\u00c9cole polytechnique contribuera \u00e9galement au d\u00e9veloppement de la nouvelle composante de l\u2019UEMF, \u00e0 savoir l\u2019Ecole Euromed d\u2019ing\u00e9nierie digitale et d\u2019intelligence artificielle (EIDIA), et ce, en associant l\u2019ensemble de l\u2019\u00e9cosyst\u00e8me de l\u2019X \u00e0 ce projet. Cette collaboration vise aussi \u00e0 renforcer le d\u00e9ploiement d\u2019approches p\u00e9dagogiques innovantes bas\u00e9es sur les MOOC\u00bb, explique Bousmina.<\/p>\n<p class=\"rtejustify\">Pour rappel, l\u2019EIDIA est la seule \u00e9cole d\u2019ing\u00e9nieurs d\u00e9di\u00e9e \u00e0 l\u2019intelligence artificielle dans l\u2019espace euro-m\u00e9diterran\u00e9en et africain, et la quatri\u00e8me dans le monde apr\u00e8s celles du MIT et des universit\u00e9s de Shanghai et de Hong Kong.<\/p>\n<p class=\"rtejustify\">Elle vient renforcer le positionnement \u00e0 l\u2019international du Maroc qui s\u2019est engag\u00e9, dans le cadre du Plan Numeric et de la Strat\u00e9gie digitale 2020, \u00e0 \u00eatre l\u2019un des pays les plus performants de la r\u00e9gion Moyen-Orient\/Afrique en mati\u00e8re d\u2019infrastructures datacom et d\u2019environnement d\u2019affaires IT, et de doubler le nombre de professionnels du num\u00e9rique form\u00e9s chaque ann\u00e9e.<\/p>\n<p class=\"rtejustify\">\u00abElle vient aussi r\u00e9pondre aux besoins de d\u00e9veloppement du pays par la formation d\u2019une nouvelle g\u00e9n\u00e9ration d\u2019ing\u00e9nieurs aux m\u00e9tiers du digital et de nouveaux chercheurs capables d\u2019accompagner la transformation num\u00e9rique qui touchera in\u00e9luctablement presque tous les secteurs d\u2019activit\u00e9\u00bb, explique le pr\u00e9sident de l\u2019UEMF.<\/p>\n<p class=\"rtejustify\">Avec des infrastructures de haute technologie, l\u2019EIDIA est dot\u00e9e d\u2019outils p\u00e9dagogiques et de capacit\u00e9s de recherche \u00e0 la fine pointe de la technologie avec la plus grande plateforme digitale et de conception SD (Dassault Syst\u00e8mes) en Afrique.<\/p>\n<p class=\"rtejustify\">Cluster HPC (High Performance Computing), robots, capteurs, simulateurs de r\u00e9alit\u00e9 virtuelle, drones, syst\u00e8mes embarqu\u00e9s, simulateurs cognitifs, algorithmes de reconnaissance d\u2019images, de voix et de mobilit\u00e9 et couplage avec les technologies d\u2019impression 3D sont quelques composantes de l\u2019environnement dans lequel baigneront les \u00e9tudiants de l\u2019EIDIA, avec une formation r\u00e9solument orient\u00e9e applications industrielles.<\/p>\n<p class=\"rtejustify\">Pour y acc\u00e9der, quelque 1.500 bacheliers scientifiques, option math\u00e9matiques, physique, sciences de la vie et de la terre (SVT), ainsi que les titulaires d\u2019un baccalaur\u00e9at technique devront candidater le 25 juillet. Seule une centaine d\u2019entre eux seront admis dans cette nouvelle \u00e9cole Euromed.<\/p>\n<p class=\"rtejustify\">Sur le plan p\u00e9dagogique, les \u00e9tudiants de l\u2019EIDIA pourraient choisir entre 5 fili\u00e8res qui sont \u00abl\u2019intelligence artificielle\u00bb, \u00abBig Data\u00bb, \u00abCyber-s\u00e9curit\u00e9\u00bb, \u00abRobotique\u00bb, et \u00abTechnologie du web et du monde\u00bb. Notons que ces fili\u00e8res sont toutes accr\u00e9dit\u00e9es par le minist\u00e8re de l\u2019Education nationale, de la formation professionnelle, de l\u2019enseignement sup\u00e9rieur et de la recherche scientifique, et les dipl\u00f4mes d\u00e9livr\u00e9s tous reconnus par l\u2019Etat marocain.<\/p>\n<p class=\"rtejustify\">En outre, l\u2019UEMF s\u2019est associ\u00e9e \u00e0 Dassault Syst\u00e8mes, l\u2019une des plus grandes compagnies au monde dans le domaine des logiciels de conception 3D, de l\u2019ing\u00e9nierie num\u00e9rique et de l\u2019univers virtuel pour l\u2019innovation, pour installer un centre \u00ab3D Experience\u00bb au sein de son nouvel \u00e9tablissement.<\/p>\n<p class=\"rtejustify\">\u00abC\u2019est une plateforme d\u2019enseignement et de recherche-innovation qui sera ouverte \u00e0 l\u2019ensemble des \u00e9tudiants et chercheurs du royaume et des pays africains. Elle r\u00e9pondra aux besoins des industries de demain et renforcera l\u2019attractivit\u00e9 de la r\u00e9gion\u00bb, conclut Bousmina.<\/p>\n<blockquote readability=\"19\">\n<p class=\"rtecenter\"><strong><span class=\"c4\">150 millions de DH pour un \u00e9co-campus<\/span><\/strong><\/p>\n<p class=\"rtejustify\">\u00abIl faut former des cadres de haut niveau et leur offrir des espaces de recherche aussi bien en sciences humaines et sociales qu\u2019en sciences pures et ing\u00e9nierie. C\u2019est capital pour le d\u00e9veloppement de notre pays\u00bb, souligne Mostapha Bousmina pr\u00e9sident de l&rsquo;UEMF. Notons que l\u2019Union europ\u00e9enne et la Banque europ\u00e9enne d\u2019investissement (BEI) financent la construction de son \u00e9co-campus, \u00e0 hauteur de 150 millions de DH, dans le cadre du m\u00e9canisme de Facilit\u00e9 d\u2019investissement pour le voisinage (FIV). La premi\u00e8re phase de ce chantier sera termin\u00e9e d\u2019ici fin ao\u00fbt. Pour sa part, la deuxi\u00e8me phase qui sera lanc\u00e9e incessamment, comportera entre autres un centre de conf\u00e9rence avec plusieurs amphith\u00e9\u00e2tres, totalisant pr\u00e8s de 1.600 places, une grande biblioth\u00e8que, un cin\u00e9ma ouvert sur la ville, un important complexe sportif qui proposera notamment une piscine olympique et un terrain de foot aux normes de la FIFA.<\/p>\n<\/blockquote>\n<p class=\"rtejustify\"><em>De notre correspondant permanent, Youness SAAD ALAMI<\/em><\/p>\n<p>Auteur: hlafriqi<br \/>\n<a href=\"https:\/\/www.leconomiste.com\/article\/1048979-fes-l-uemf-s-allie-l-ecole-polytechnique\">Cliquez ici pour lire l&rsquo;article depuis sa source.<\/a><\/p>\n","protected":false},"excerpt":{"rendered":"<p>\u00abL\u2019Ecole Euromed d\u2019ing\u00e9nierie digitale et d\u2019intelligence artificielle est une plateforme d\u2019enseignement et de recherche-innovation qui sera ouverte \u00e0 l\u2019ensemble des \u00e9tudiants et chercheurs du royaume et des pays africains. Elle r\u00e9pondra aux besoins des industries de demain et renforcera l\u2019attractivit\u00e9 de la r\u00e9gion\u00bb, indique Mostapha Bousmina, pr\u00e9sident de l\u2019UEMF (Ph. YSA) C\u2019est l\u2019universit\u00e9 qui fait [&hellip;]<\/p>\n","protected":false},"author":1763,"featured_media":56498,"comment_status":"closed","ping_status":"closed","sticky":false,"template":"","format":"standard","meta":{"fifu_image_url":"","fifu_image_alt":"","footnotes":""},"categories":[78,54],"tags":[],"class_list":["post-56497","post","type-post","status-publish","format-standard","has-post-thumbnail","hentry","category-economie","category-maroc"],"_links":{"self":[{"href":"https:\/\/linitiative.ca\/International\/wp-json\/wp\/v2\/posts\/56497","targetHints":{"allow":["GET"]}}],"collection":[{"href":"https:\/\/linitiative.ca\/International\/wp-json\/wp\/v2\/posts"}],"about":[{"href":"https:\/\/linitiative.ca\/International\/wp-json\/wp\/v2\/types\/post"}],"author":[{"embeddable":true,"href":"https:\/\/linitiative.ca\/International\/wp-json\/wp\/v2\/users\/1763"}],"replies":[{"embeddable":true,"href":"https:\/\/linitiative.ca\/International\/wp-json\/wp\/v2\/comments?post=56497"}],"version-history":[{"count":0,"href":"https:\/\/linitiative.ca\/International\/wp-json\/wp\/v2\/posts\/56497\/revisions"}],"wp:featuredmedia":[{"embeddable":true,"href":"https:\/\/linitiative.ca\/International\/wp-json\/"}],"wp:attachment":[{"href":"https:\/\/linitiative.ca\/International\/wp-json\/wp\/v2\/media?parent=56497"}],"wp:term":[{"taxonomy":"category","embeddable":true,"href":"https:\/\/linitiative.ca\/International\/wp-json\/wp\/v2\/categories?post=56497"},{"taxonomy":"post_tag","embeddable":true,"href":"https:\/\/linitiative.ca\/International\/wp-json\/wp\/v2\/tags?post=56497"}],"curies":[{"name":"wp","href":"https:\/\/api.w.org\/{rel}","templated":true}]}}