{"id":56499,"date":"2019-08-16T06:00:00","date_gmt":"2019-08-16T10:00:00","guid":{"rendered":"https:\/\/linitiative.ca\/International\/une-masterclass-pour-former-les-musiciens-en-herbe\/"},"modified":"2019-08-16T06:00:00","modified_gmt":"2019-08-16T10:00:00","slug":"une-masterclass-pour-former-les-musiciens-en-herbe","status":"publish","type":"post","link":"https:\/\/linitiative.ca\/International\/une-masterclass-pour-former-les-musiciens-en-herbe\/","title":{"rendered":"Une MasterClass pour former les musiciens en herbe"},"content":{"rendered":"<div readability=\"36\">\n<p>Des cours intensifs de musique classique organis\u00e9s par l\u2019association El Akademia<\/p>\n<p>64 jeunes talents de la musique dirig\u00e9s par la violoniste de renom Monia Rizkallah<\/p>\n<p>Le groupe Soci\u00e9t\u00e9 G\u00e9n\u00e9rale Maroc partenaire officiel de l\u2019\u00e9v\u00e8nement<\/p>\n<\/div>\n<div readability=\"66\">\n<div class=\"dnd-atom-wrapper type-image context-sdl_editor_representation atom-align-right\" contenteditable=\"false\" readability=\"33\">\n<div class=\"dnd-drop-wrapper image\"><img loading=\"lazy\" decoding=\"async\" typeof=\"foaf:Image\" class=\"img-responsive\" src=\"https:\/\/www.leconomiste.com\/sites\/default\/files\/eco7\/public\/thumbnails\/image\/monia_rizkallah_074.jpg\" width=\"349\" height=\"425\" alt=\"monia_rizkallah_074.jpg\" title=\"monia_rizkallah_074.jpg\"\/><\/div>\n<div class=\"dnd-legend-wrapper\" contenteditable=\"true\" readability=\"11\">\n<p class=\"rtejustify\">L\u2019association El Akademia vient d\u2019organiser la troisi\u00e8me \u00e9dition de ses masterclass. Des cours intensifs qui ont permis \u00e0 pr\u00e8s de 64 jeunes musiciens en herbe de renforcer leurs comp\u00e9tences dans le domaine et d\u2019int\u00e9grer le prestigieux Orchestre national des jeunes musiciens du Maroc, dirig\u00e9 par la violoniste de renom Monia Rizkallah <em>(Ph. Soci\u00e9t\u00e9 G\u00e9n\u00e9rale Maroc)<\/em><\/p>\n<\/div>\n<\/div>\n<p class=\"rtejustify\">D\u00e9velopper les comp\u00e9tences des jeunes musiciens du Royaume et leur offrir la possibilit\u00e9 d\u2019exercer leur talent au sein d\u2019un orchestre professionnel. C\u2019est dans cette optique que l\u2019association El Akademia a r\u00e9cemment organis\u00e9 la troisi\u00e8me \u00e9dition de sa masterclass.<\/p>\n<p class=\"rtejustify\">Des sessions d\u2019apprentissage soutenues pour la premi\u00e8re fois par le groupe Soci\u00e9t\u00e9 G\u00e9n\u00e9rale Maroc qui ont donn\u00e9 lieu \u00e0 un concert in\u00e9dit jou\u00e9 \u00e0 l\u2019occasion de la f\u00eate du Tr\u00f4ne. Ces cours intensifs originaux, qui ont eu lieu courant juillet, ont b\u00e9n\u00e9fici\u00e9 \u00e0 pas moins de 64 jeunes musiciens en herbe soigneusement s\u00e9lectionn\u00e9s pour leurs talents musicaux mais \u00e9galement leurs qualit\u00e9s humaines. Une fois choisis, ces candidats ont \u00e9t\u00e9 rigoureusement coach\u00e9s par des musiciens professionnels de notori\u00e9t\u00e9 internationale, tous solistes \u00e0 l\u2019Op\u00e9ra de Berlin et coachs \u00e0 l\u2019Acad\u00e9mie d\u2019orchestre du deutsche Oper Berlin.<\/p>\n<p class=\"rtejustify\">Les quelques dizaines d\u2019artistes ont pu y perfectionner leur ma\u00eetrise du violon, des cuivres ou encore des percussions tout en \u00e9tant \u00e9troitement dirig\u00e9s par la violoniste de renom Monia Rizkallah, premi\u00e8re cheffe d\u2019attaque \u00e0 l\u2019Op\u00e9ra de Berlin mais \u00e9galement organisatrice de l\u2019\u00e9v\u00e8nement.<\/p>\n<p class=\"rtejustify\">L\u2019Orchestre national des jeunes musiciens du Maroc \u2013 c\u2019est son nom \u2013 a pu ainsi interpr\u00e9ter lors d\u2019un concert ouvert au public des compositions complexes de Mozart ou encore de Ravel. Mais pas seulement. Le groupe a \u00e9galement jou\u00e9 la pi\u00e8ce musicale Joudour wa Ajniha \u2013 litt\u00e9ralement \u00abdes racines et des ailes\u00bb \u2013 compos\u00e9e sp\u00e9cialement pour l\u2019\u00e9v\u00e8nement. Une mani\u00e8re de rendre hommage tout en finesse et en gr\u00e2ce \u00e0 l\u2019intronisation du Souverain, de ses r\u00e9alisations pass\u00e9es \u00e0 ses projets futurs.<\/p>\n<p class=\"rtejustify\">Une initiative organis\u00e9e avant tout pour servir de tremplin \u00e0 de jeunes artistes f\u00e9rus de musique et \u00e0 les pr\u00e9parer \u00e0 rejoindre des orchestres professionnels. La manifestation compte pour la premi\u00e8re fois comme partenaire le groupe Soci\u00e9t\u00e9 G\u00e9n\u00e9rale Maroc, qui soutient \u00e0 travers cette action la culture musicale marocaine et demeure convaincu de son r\u00f4le capital pour relancer l\u2019\u00e9ducation nationale.<\/p>\n<p class=\"rtejustify\">El Akademia est un programme plac\u00e9 depuis 2017 sous le patronage de l\u2019ambassade d\u2019Allemagne. L\u2019initiative b\u00e9n\u00e9ficie aussi du soutien du minist\u00e8re de la Culture et de la Communication ainsi que de l\u2019Institut Goethe.<\/p>\n<p class=\"rtejustify\"><em>Karim AGOUMI<\/em><\/p>\n<p class=\"rtejustify\">\u00a0<\/p>\n<\/div>\n<p>Auteur: hlafriqi<br \/>\n<a href=\"https:\/\/www.leconomiste.com\/article\/1048982-une-masterclass-pour-former-les-musiciens-en-herbe\">Cliquez ici pour lire l&rsquo;article depuis sa source.<\/a><\/p>\n","protected":false},"excerpt":{"rendered":"<p>Des cours intensifs de musique classique organis\u00e9s par l\u2019association El Akademia 64 jeunes talents de la musique dirig\u00e9s par la violoniste de renom Monia Rizkallah Le groupe Soci\u00e9t\u00e9 G\u00e9n\u00e9rale Maroc partenaire officiel de l\u2019\u00e9v\u00e8nement L\u2019association El Akademia vient d\u2019organiser la troisi\u00e8me \u00e9dition de ses masterclass. Des cours intensifs qui ont permis \u00e0 pr\u00e8s de 64 [&hellip;]<\/p>\n","protected":false},"author":1763,"featured_media":56500,"comment_status":"closed","ping_status":"closed","sticky":false,"template":"","format":"standard","meta":{"fifu_image_url":"","fifu_image_alt":"","footnotes":""},"categories":[78,54],"tags":[],"class_list":["post-56499","post","type-post","status-publish","format-standard","has-post-thumbnail","hentry","category-economie","category-maroc"],"_links":{"self":[{"href":"https:\/\/linitiative.ca\/International\/wp-json\/wp\/v2\/posts\/56499","targetHints":{"allow":["GET"]}}],"collection":[{"href":"https:\/\/linitiative.ca\/International\/wp-json\/wp\/v2\/posts"}],"about":[{"href":"https:\/\/linitiative.ca\/International\/wp-json\/wp\/v2\/types\/post"}],"author":[{"embeddable":true,"href":"https:\/\/linitiative.ca\/International\/wp-json\/wp\/v2\/users\/1763"}],"replies":[{"embeddable":true,"href":"https:\/\/linitiative.ca\/International\/wp-json\/wp\/v2\/comments?post=56499"}],"version-history":[{"count":0,"href":"https:\/\/linitiative.ca\/International\/wp-json\/wp\/v2\/posts\/56499\/revisions"}],"wp:featuredmedia":[{"embeddable":true,"href":"https:\/\/linitiative.ca\/International\/wp-json\/"}],"wp:attachment":[{"href":"https:\/\/linitiative.ca\/International\/wp-json\/wp\/v2\/media?parent=56499"}],"wp:term":[{"taxonomy":"category","embeddable":true,"href":"https:\/\/linitiative.ca\/International\/wp-json\/wp\/v2\/categories?post=56499"},{"taxonomy":"post_tag","embeddable":true,"href":"https:\/\/linitiative.ca\/International\/wp-json\/wp\/v2\/tags?post=56499"}],"curies":[{"name":"wp","href":"https:\/\/api.w.org\/{rel}","templated":true}]}}