{"id":56503,"date":"2019-08-16T06:30:00","date_gmt":"2019-08-16T10:30:00","guid":{"rendered":"https:\/\/linitiative.ca\/International\/leurafrique-des-banques-la-raison-avec-imagination\/"},"modified":"2019-08-16T06:30:00","modified_gmt":"2019-08-16T10:30:00","slug":"leurafrique-des-banques-la-raison-avec-imagination","status":"publish","type":"post","link":"https:\/\/linitiative.ca\/International\/leurafrique-des-banques-la-raison-avec-imagination\/","title":{"rendered":"L\u2019Eurafrique des banques, la raison avec imagination"},"content":{"rendered":"<div class=\"dnd-atom-wrapper type-image context-sdl_editor_representation\" contenteditable=\"false\">\n<div class=\"dnd-drop-wrapper image\"><img loading=\"lazy\" decoding=\"async\" typeof=\"foaf:Image\" class=\"img-responsive\" src=\"https:\/\/leconomiste.com\/sites\/default\/files\/eco7\/public\/thumbnails\/image\/alain_gauvin_kawtar_raji-briand_et_emerand_tchouata.jpg\" width=\"800\" height=\"473\" alt=\"alain_gauvin_kawtar_raji-briand_et_emerand_tchouata.jpg\" title=\"alain_gauvin_kawtar_raji-briand_et_emerand_tchouata.jpg\"\/><\/div>\n<\/div>\n<p><em><strong>Rappel:<\/strong><br \/>\u00abPure folie\u00bb, r\u00e9torque-t-on \u00e0 ceux qui imaginent un espace bancaire et financier qui irait du Cap \u00e0 Helsinki. Trop de diff\u00e9rences \u00e9conomiques et sociales, normes non unifi\u00e9es\u2026 Tout cela est vrai, et bien d\u2019autres avanies encore <a href=\"https:\/\/leconomiste.com\/archive\/edition\/4831\" target=\"_blank\" rel=\"noopener noreferrer\"><strong><span class=\"c4\">(cf. L\u2019Economiste du 9 ao\u00fbt 2016)<\/span><\/strong><\/a>. Mais si la raison \u00e9tait aussi dans l\u2019imagination\u2026<\/em><\/p>\n<p>D\u2019abord, des ph\u00e9nom\u00e8nes, pas aussi anecdotiques qu\u2019ils en ont l\u2019air, font douter de la capacit\u00e9 africaine \u00e0 rejoindre un ensemble unifi\u00e9 du point de vue bancaire et\/ou financier.<\/p>\n<p>Mais aussi, les entit\u00e9s africaines de droit public b\u00e9n\u00e9ficient de financements de l\u2019UE. Elles sont contraintes d\u2019accepter des conditions contractuelles qu\u2019aucune banque commerciale n\u2019oserait leur appliquer. Le pr\u00e9texte est toujours le m\u00eame: \u00ables textes europ\u00e9ens l\u2019exigent\u00bb.<\/p>\n<p>Que penser des Accords de partenariats \u00e9conomiques? Ce sont des accords commerciaux \u00abvisant \u00e0 d\u00e9velopper le libre-\u00e9change entre l\u2019UE et les pays \u00abACP\u00bb\u00bb, Afrique, Cara\u00efbes, Pacifique? Le Maroc n\u2019est pas concern\u00e9. Ils contribuent, pour les uns, \u00ab\u00e0 cr\u00e9er des conditions propices au commerce et aux investissements en ouvrant totalement le march\u00e9 de l\u2019UE aux importations provenant des pays ACP, en favorisant l\u2019am\u00e9lioration des infrastructures, de l\u2019administration et des services publics\u00bb de ces pays. La main du riche tendue vers celle du pauvre?<\/p>\n<p>Pour Amzat Boukari-Yabara, historien sp\u00e9cialiste de l\u2019Afrique, \u00abces accords ent\u00e9rinent un v\u00e9ritable suicide \u00e9conomique et social\u00bb des \u00abAfricains qui ne peuvent pas lutter contre les int\u00e9r\u00eats europ\u00e9ens\u00bb.<\/p>\n<p>Partons dans l\u2019autre sens! D\u2019abord, les p\u00e8res fondateurs de ces deux Unions, l\u2019UE et l\u2019UA, partagent une communaut\u00e9 d\u2019objectifs (voir encadr\u00e9). Un migrant, africain ou europ\u00e9en, a besoin de services bancaires dans le pays d\u2019accueil comme dans le pays d\u2019origine, avec des transferts au moindre co\u00fbt.<\/p>\n<p>Les Etats du G8 de l\u2019Aquila, en 2009, d\u00e9cid\u00e8rent, sous l\u2019impulsion de DSK (voir encadr\u00e9) de promouvoir la bi-bancarisation des populations immigr\u00e9es. La d\u00e9cision qui a \u00e9t\u00e9 confirm\u00e9e au G20 de Cannes en 2011, conduit, indirectement, les Etats, dont ceux de l\u2019UE, \u00e0 autoriser la commercialisation, sur leur sol, de services bancaires par les banques \u00e9trang\u00e8res ressortissantes d\u2019Etats tiers, dont les pays membres de l\u2019UA.<\/p>\n<p>Depuis, l\u2019UE n\u2019a rien entrepris pour harmoniser les l\u00e9gislations nationales afin que les banques africaines offrent, sans \u00eatre inqui\u00e9t\u00e9es par les autorit\u00e9s bancaires d\u2019accueil, leurs propres services bancaires aux populations immigr\u00e9es.<\/p>\n<div class=\"dnd-atom-wrapper type-image context-sdl_editor_representation\" contenteditable=\"false\" readability=\"35.5\">\n<div class=\"dnd-drop-wrapper image\"><img loading=\"lazy\" decoding=\"async\" typeof=\"foaf:Image\" class=\"img-responsive\" src=\"https:\/\/leconomiste.com\/sites\/default\/files\/eco7\/public\/thumbnails\/image\/strauss-kahn-et-nizar-baraka-074.jpg\" width=\"660\" height=\"330\" alt=\"strauss-kahn-et-nizar-baraka-074.jpg\" title=\"strauss-kahn-et-nizar-baraka-074.jpg\"\/><\/div>\n<div class=\"dnd-legend-wrapper\" contenteditable=\"true\" readability=\"16\">\n<p class=\"rtejustify\">Dominique Strauss-Kahn et Nizar Baraka, tous deux anciens ministres des Finances et hommes politiques influents, ici au Forum de Paris. DSK regrette \u00abqu\u2019aucune relation organis\u00e9e ne relie [les pays CFA] \u00e0 la Banque centrale europ\u00e9enne et aux pays de la Zone euro\u00bb alors m\u00eame que c\u2019est \u00abla BCE (et non le Tr\u00e9sor fran\u00e7ais ou la Banque de France) qui fixe les taux appel\u00e9s \u00e0 repr\u00e9senter un plancher pour les taux directeurs africains de la Zone franc\u00bb. \u00abContrairement \u00e0 une id\u00e9e re\u00e7ue, c\u2019est, aux termes des Trait\u00e9s, l\u2019Union europ\u00e9enne qui est comp\u00e9tente en mati\u00e8re d\u2019accords de change, non point ses Etats membres (aussi engag\u00e9s soient-ils dans la coop\u00e9ration financi\u00e8re avec l\u2019Afrique\u00bb. Avril 2018 <em>(Ph. Jarfi)<\/em><\/p>\n<\/div>\n<\/div>\n<blockquote readability=\"21\">\n<p class=\"rtecenter\"><strong><span class=\"c5\">UE et UA \u00abse font exister\u00bb<\/span><\/strong><\/p>\n<p class=\"rtejustify\">Les deux Unions veulent assurer l\u2019int\u00e9gration politique et socio\u00e9conomique, promouvoir le d\u00e9veloppement durable aux plans \u00e9conomique, social et culturel, garantir la libre circulation des personnes, des biens et des capitaux, instaurer une \u00abunion\u00bb, une \u00abcommunaut\u00e9\u00bb \u00e9conomique et mon\u00e9taire.<br \/>En second lieu, les institutions respectives des deux Unions se ressemblent: \u00ables fondateurs de l\u2019Union africaine ont suivi le m\u00eame chemin que ceux de l\u2019Union europ\u00e9enne\u00bb. Et si l\u2019UA trouve avantage \u00e0 s\u2019appuyer sur l\u2019UE,\u00a0 on ne saurait y voir un parasitisme de l\u2019Afrique sur l\u2019UE, loin s\u2019en faut. L\u2019UA et l\u2019UE se \u00abfont exister\u00bb, Catherine Le Brech, journaliste \u00e0 France Info.<\/p>\n<\/blockquote>\n<table border=\"1\" cellpadding=\"1\" cellspacing=\"1\" class=\"c6\">\n<tbody readability=\"1\">\n<tr readability=\"2\">\n<td>Dans une prochaine \u00e9dition: <strong>Eurafrique bancaire: Si on essayait \u00e7a?!<\/strong><\/td>\n<\/tr>\n<\/tbody>\n<\/table>\n<p class=\"rtecenter\"><strong><u>\u00a0\u00a0\u00a0\u00a0\u00a0\u00a0\u00a0\u00a0\u00a0\u00a0\u00a0\u00a0\u00a0\u00a0\u00a0\u00a0\u00a0\u00a0\u00a0\u00a0\u00a0\u00a0\u00a0\u00a0\u00a0\u00a0\u00a0\u00a0\u00a0\u00a0\u00a0\u00a0\u00a0\u00a0\u00a0\u00a0\u00a0\u00a0\u00a0\u00a0\u00a0\u00a0\u00a0\u00a0\u00a0\u00a0\u00a0\u00a0\u00a0\u00a0\u00a0\u00a0\u00a0\u00a0\u00a0\u00a0\u00a0\u00a0\u00a0\u00a0\u00a0\u00a0\u00a0\u00a0\u00a0\u00a0\u00a0\u00a0\u00a0\u00a0\u00a0\u00a0<\/u><\/strong><\/p>\n<p class=\"rtecenter\"><strong>La bagarre sera sournoise, violente et secr\u00e8te<\/strong><\/p>\n<div class=\"dnd-atom-wrapper type-image context-sdl_editor_representation\" contenteditable=\"false\" readability=\"37\">\n<div class=\"dnd-drop-wrapper image\"><img loading=\"lazy\" decoding=\"async\" typeof=\"foaf:Image\" class=\"img-responsive\" src=\"https:\/\/leconomiste.com\/sites\/default\/files\/eco7\/public\/thumbnails\/image\/benchaaboun-et-moscovici-074.jpg\" width=\"660\" height=\"330\" alt=\"benchaaboun-et-moscovici-074.jpg\" title=\"benchaaboun-et-moscovici-074.jpg\"\/><\/div>\n<div class=\"dnd-legend-wrapper\" contenteditable=\"true\" readability=\"19\">\n<p class=\"rtejustify\">\u00a0Les couteaux sont-ils d\u00e9j\u00e0 sortis entre Europe et Maroc? Ancien ministre socialiste fran\u00e7ais, Pierre Moscovici, commissaire europ\u00e9en charg\u00e9 des Affaires \u00e9conomiques et financi\u00e8res, de la Fiscalit\u00e9 des douanes (\u00e0 droite) saluant le ministre marocain des Finances et de l\u2019Economie, Mohamed Bencha\u00e2boun (ancien pr\u00e9sident de la plus grande banque du Maroc, fortement pr\u00e9sente en Afrique). Juste \u00e0 c\u00f4t\u00e9 du ministre, le chef de gouvernement, Saadeddine El Othmani et Mohamed Berrada. Dans les ann\u00e9es 1980-1990, il a fortement contribu\u00e9 en tant que ministre des Finances, au colossal changement de r\u00e9f\u00e9rence accompli par les banques et le march\u00e9 financier marocain <em>(Ph. L\u2019Economiste)<\/em><\/p>\n<\/div>\n<\/div>\n<p class=\"rtejustify\">Derri\u00e8re les sourires diplomatiques, la bagarre a d\u00e9j\u00e0 commenc\u00e9. Des situations que l\u2019esprit d\u2019\u00e9quit\u00e9 ne peut pas admettre. Normal donc que les le\u00e7ons du commissaire Moscovici aient suscit\u00e9 quelque agacement \u00e0 Rabat. (<a href=\"https:\/\/leconomiste.com\/archive\" target=\"_blank\" rel=\"noopener noreferrer\"><span class=\"c4\"><strong><em>Cf. les informations de L\u2019Economiste en d\u00e9cembre 2017 et mai-juin 2019)<\/em><\/strong><\/span><\/a>.<\/p>\n<p class=\"rtejustify\">Ce n\u2019est pas tout: des repr\u00e9sentants de l\u2019UE murmurent que les avantages accord\u00e9s par l\u2019UE au Maroc profiteront \u00e0 d\u2019autres Etats africains, par le biais de la ZLECAf.<\/p>\n<p class=\"rtejustify\">Le commissaire europ\u00e9en a d\u00e9livr\u00e9 ses le\u00e7ons lors des Assises de la Fiscalit\u00e9 de mai 2019, \u00e0 Skhirat. Il exige \u00abtransparence et bonne gouvernance fiscale\u00bb du Maroc, tout en se disant \u00abattach\u00e9\u00bb aux \u00abimp\u00e9ratifs de souverainet\u00e9 fiscale\u00bb.<\/p>\n<p class=\"rtejustify\">Ainsi, Moscovici enjoint-il le Royaume de r\u00e9former les \u00abr\u00e9gimes consid\u00e9r\u00e9s comme dommageables, notamment les Zones franches d\u2019exportation, les entreprises exportatrices et le r\u00e9gime de Casablanca Finance City\u00bb. \u00abLe Maroc s\u2019est engag\u00e9 \u00e0 r\u00e9former avant fin 2019\u00bb, ajoute-t-il sans que l\u2019on puisse savoir si c\u2019est une fake news pour les besoins de la pression ou si l\u2019engagement est r\u00e9el. Dans ce dernier cas, on ne conna\u00eet pas le contenu exact de l\u2019engagement. <a href=\"https:\/\/leconomiste.com\/archive\/edition\/5508\" target=\"_blank\" rel=\"noopener noreferrer\"><span class=\"c4\"><strong><em>(Cf. le commentaire de Mohamed Benabid, L\u2019Economiste du 3 mai 2019, Assises fiscales)<\/em><\/strong><\/span>.<\/a><\/p>\n<p class=\"rtejustify\">Nous avons, d\u2019une part, un Etat qui, \u00e0 des fins de d\u00e9veloppement \u00e9conomique et social, offre, en toute transparence, \u00e0 des entreprises qui s\u2019installent sur son sol, y investissent et y cr\u00e9ent des emplois, un r\u00e9gime fiscal de faveur.<\/p>\n<p class=\"rtejustify\">Les termes sont connus de tous et, d\u2019autre part, tel autre Etat dont la fiscalit\u00e9, ou l\u2019absence de fiscalit\u00e9, n\u2019a pour objet que de collecter des flux d\u2019argent, sans s\u2019interroger sur leur origine, ni m\u00eame leur finalit\u00e9? Dans le premier cas, on parle de politique et de strat\u00e9gie industrielle; dans le second, de sp\u00e9culation pure et de blanchiment.<\/p>\n<p class=\"rtejustify\">\u00a0<\/p>\n<p>Auteur: hlafriqi<br \/>\n<a href=\"https:\/\/www.leconomiste.com\/article\/1048986-l-eurafrique-des-banques-la-raison-avec-imagination\">Cliquez ici pour lire l&rsquo;article depuis sa source.<\/a><\/p>\n","protected":false},"excerpt":{"rendered":"<p>Rappel:\u00abPure folie\u00bb, r\u00e9torque-t-on \u00e0 ceux qui imaginent un espace bancaire et financier qui irait du Cap \u00e0 Helsinki. Trop de diff\u00e9rences \u00e9conomiques et sociales, normes non unifi\u00e9es\u2026 Tout cela est vrai, et bien d\u2019autres avanies encore (cf. L\u2019Economiste du 9 ao\u00fbt 2016). Mais si la raison \u00e9tait aussi dans l\u2019imagination\u2026 D\u2019abord, des ph\u00e9nom\u00e8nes, pas aussi [&hellip;]<\/p>\n","protected":false},"author":1763,"featured_media":56504,"comment_status":"closed","ping_status":"closed","sticky":false,"template":"","format":"standard","meta":{"fifu_image_url":"","fifu_image_alt":"","footnotes":""},"categories":[78,54],"tags":[],"class_list":["post-56503","post","type-post","status-publish","format-standard","has-post-thumbnail","hentry","category-economie","category-maroc"],"_links":{"self":[{"href":"https:\/\/linitiative.ca\/International\/wp-json\/wp\/v2\/posts\/56503","targetHints":{"allow":["GET"]}}],"collection":[{"href":"https:\/\/linitiative.ca\/International\/wp-json\/wp\/v2\/posts"}],"about":[{"href":"https:\/\/linitiative.ca\/International\/wp-json\/wp\/v2\/types\/post"}],"author":[{"embeddable":true,"href":"https:\/\/linitiative.ca\/International\/wp-json\/wp\/v2\/users\/1763"}],"replies":[{"embeddable":true,"href":"https:\/\/linitiative.ca\/International\/wp-json\/wp\/v2\/comments?post=56503"}],"version-history":[{"count":0,"href":"https:\/\/linitiative.ca\/International\/wp-json\/wp\/v2\/posts\/56503\/revisions"}],"wp:featuredmedia":[{"embeddable":true,"href":"https:\/\/linitiative.ca\/International\/wp-json\/"}],"wp:attachment":[{"href":"https:\/\/linitiative.ca\/International\/wp-json\/wp\/v2\/media?parent=56503"}],"wp:term":[{"taxonomy":"category","embeddable":true,"href":"https:\/\/linitiative.ca\/International\/wp-json\/wp\/v2\/categories?post=56503"},{"taxonomy":"post_tag","embeddable":true,"href":"https:\/\/linitiative.ca\/International\/wp-json\/wp\/v2\/tags?post=56503"}],"curies":[{"name":"wp","href":"https:\/\/api.w.org\/{rel}","templated":true}]}}